{"id":1052,"date":"2016-04-07T22:39:35","date_gmt":"2016-04-07T21:39:35","guid":{"rendered":"http:\/\/nordis.ch\/?p=1052"},"modified":"2016-04-07T22:39:35","modified_gmt":"2016-04-07T21:39:35","slug":"demokratischegrossbegriffe-boehmi-satire","status":"publish","type":"post","link":"https:\/\/nordis.ch\/?p=1052","title":{"rendered":"#DemokratischeGrossbegriffe #B\u00f6hmi #Satire"},"content":{"rendered":"<p>B\u00f6hmi rockt und legt noch eine Majest\u00e4tsbeleidigung oben drauf, mit der er das Selbstverst\u00e4ndnis unserer westeurop\u00e4ischen \u00dcberlegenheitsmanie in den Grundfesten ersch\u00fcttert.<br \/>\nChapeau<\/p>\n<p><iframe loading=\"lazy\" src=\"https:\/\/player.vimeo.com\/video\/161343723\" width=\"500\" height=\"281\" frameborder=\"0\" webkitallowfullscreen mozallowfullscreen allowfullscreen><\/iframe><\/p>\n<p>\nEin <a href=\"http:\/\/www.tagesspiegel.de\/politik\/scherze-mit-erdogan-der-beste-witz-das-sind-wir-selbst\/13418440.html\" target=\"_blank\">bemerkenswerter Kommentar<\/a> zum Thema:<\/p>\n","protected":false},"excerpt":{"rendered":"<p>B\u00f6hmi rockt und legt noch eine Majest\u00e4tsbeleidigung oben drauf, mit der er das Selbstverst\u00e4ndnis unserer westeurop\u00e4ischen \u00dcberlegenheitsmanie in den Grundfesten ersch\u00fcttert. Chapeau Ein bemerkenswerter Kommentar zum Thema:<\/p>\n","protected":false},"author":1,"featured_media":0,"comment_status":"closed","ping_status":"open","sticky":false,"template":"","format":"standard","meta":{"ngg_post_thumbnail":0,"_jetpack_memberships_contains_paid_content":false,"footnotes":"","jetpack_publicize_message":"","jetpack_publicize_feature_enabled":true,"jetpack_social_post_already_shared":true,"jetpack_social_options":{"image_generator_settings":{"template":"highway","default_image_id":0,"font":"","enabled":false},"version":2}},"categories":[16,22,11,13,3,27,14,37],"tags":[],"class_list":["post-1052","post","type-post","status-publish","format-standard","hentry","category-abendland","category-bildung","category-bremen","category-culture","category-im-norden","category-im-osten","category-medien","category-tv-tipp"],"jetpack_publicize_connections":[],"jetpack_featured_media_url":"","jetpack_sharing_enabled":true,"jetpack_shortlink":"https:\/\/wp.me\/p7kVSe-gY","jetpack-related-posts":[],"_links":{"self":[{"href":"https:\/\/nordis.ch\/index.php?rest_route=\/wp\/v2\/posts\/1052","targetHints":{"allow":["GET"]}}],"collection":[{"href":"https:\/\/nordis.ch\/index.php?rest_route=\/wp\/v2\/posts"}],"about":[{"href":"https:\/\/nordis.ch\/index.php?rest_route=\/wp\/v2\/types\/post"}],"author":[{"embeddable":true,"href":"https:\/\/nordis.ch\/index.php?rest_route=\/wp\/v2\/users\/1"}],"replies":[{"embeddable":true,"href":"https:\/\/nordis.ch\/index.php?rest_route=%2Fwp%2Fv2%2Fcomments&post=1052"}],"version-history":[{"count":1,"href":"https:\/\/nordis.ch\/index.php?rest_route=\/wp\/v2\/posts\/1052\/revisions"}],"predecessor-version":[{"id":1053,"href":"https:\/\/nordis.ch\/index.php?rest_route=\/wp\/v2\/posts\/1052\/revisions\/1053"}],"wp:attachment":[{"href":"https:\/\/nordis.ch\/index.php?rest_route=%2Fwp%2Fv2%2Fmedia&parent=1052"}],"wp:term":[{"taxonomy":"category","embeddable":true,"href":"https:\/\/nordis.ch\/index.php?rest_route=%2Fwp%2Fv2%2Fcategories&post=1052"},{"taxonomy":"post_tag","embeddable":true,"href":"https:\/\/nordis.ch\/index.php?rest_route=%2Fwp%2Fv2%2Ftags&post=1052"}],"curies":[{"name":"wp","href":"https:\/\/api.w.org\/{rel}","templated":true}]}}