{"id":1166,"date":"2016-11-24T21:45:55","date_gmt":"2016-11-24T20:45:55","guid":{"rendered":"http:\/\/nordis.ch\/?p=1166"},"modified":"2016-11-24T23:25:55","modified_gmt":"2016-11-24T22:25:55","slug":"alpiqch-erhaelt-von-siemensd-einen-auftrag-ueber-44-mio-chf-fuer-windturbinenfabrik-in-cuxhavend-siemens-investiert-dort-insg-200-mio-eur","status":"publish","type":"post","link":"https:\/\/nordis.ch\/?p=1166","title":{"rendered":"#Alpiq\/CH erh\u00e4lt von Siemens\/D einen Auftrag \u00fcber 44 Mio CHF f\u00fcr Windturbinenfabrik in Cuxhaven\/D. Siemens investiert dort insg. 200 Mio EUR"},"content":{"rendered":"<p><a href=\"http:\/\/www.pressebox.de\/inaktiv\/alpiq-holding-ltd\/Alpiq-gewinnt-Gebaeudetechnik-Auftrag-fuer-Windturbinen-Produktionsstaette-in-Cuxhaven\/boxid\/826469\">Alpiq\/CH erh\u00e4lt von Siemens\/D einen Auftrag \u00fcber 44 Mio CHF <\/a>f\u00fcr die technische Geb\u00e4udeausr\u00fcstung inkl. Geb\u00e4udeautomation und Inbetriebnahme der Windturbinenfabrik in <a href=\"http:\/\/nordis.ch\/?p=594\">Cuxhaven\/D<\/a>. Von den insg. <a href=\"http:\/\/www.cn-online.de\/stadt-land\/news\/siemens-feiert-richtfest-in-cuxhaven.html\">200 Mio EUR, die Siemens in Cuxhaven<\/a> investiert, fliesst etwa 1\/5 in die Schweiz. Das ist Welthandel. So l\u00e4uft&#8217;s Business, sagt der Schweizer.<\/p>\n","protected":false},"excerpt":{"rendered":"<p>Alpiq\/CH erh\u00e4lt von Siemens\/D einen Auftrag \u00fcber 44 Mio CHF f\u00fcr die technische Geb\u00e4udeausr\u00fcstung inkl. Geb\u00e4udeautomation und Inbetriebnahme der Windturbinenfabrik in Cuxhaven\/D. Von den insg. 200 Mio EUR, die Siemens in Cuxhaven investiert, fliesst etwa 1\/5 in die Schweiz. Das ist Welthandel. So l\u00e4uft&#8217;s Business, sagt der Schweizer.<\/p>\n","protected":false},"author":1,"featured_media":0,"comment_status":"closed","ping_status":"open","sticky":false,"template":"","format":"standard","meta":{"ngg_post_thumbnail":0,"_jetpack_memberships_contains_paid_content":false,"footnotes":"","jetpack_publicize_message":"","jetpack_publicize_feature_enabled":true,"jetpack_social_post_already_shared":true,"jetpack_social_options":{"image_generator_settings":{"template":"highway","default_image_id":0,"font":"","enabled":false},"version":2}},"categories":[11,3,23,7,25,12],"tags":[],"class_list":["post-1166","post","type-post","status-publish","format-standard","hentry","category-bremen","category-im-norden","category-im-sueden","category-leben-und-arbeiten","category-wind","category-wirtschaft"],"jetpack_publicize_connections":[],"jetpack_featured_media_url":"","jetpack_sharing_enabled":true,"jetpack_shortlink":"https:\/\/wp.me\/p7kVSe-iO","jetpack-related-posts":[],"_links":{"self":[{"href":"https:\/\/nordis.ch\/index.php?rest_route=\/wp\/v2\/posts\/1166","targetHints":{"allow":["GET"]}}],"collection":[{"href":"https:\/\/nordis.ch\/index.php?rest_route=\/wp\/v2\/posts"}],"about":[{"href":"https:\/\/nordis.ch\/index.php?rest_route=\/wp\/v2\/types\/post"}],"author":[{"embeddable":true,"href":"https:\/\/nordis.ch\/index.php?rest_route=\/wp\/v2\/users\/1"}],"replies":[{"embeddable":true,"href":"https:\/\/nordis.ch\/index.php?rest_route=%2Fwp%2Fv2%2Fcomments&post=1166"}],"version-history":[{"count":4,"href":"https:\/\/nordis.ch\/index.php?rest_route=\/wp\/v2\/posts\/1166\/revisions"}],"predecessor-version":[{"id":1170,"href":"https:\/\/nordis.ch\/index.php?rest_route=\/wp\/v2\/posts\/1166\/revisions\/1170"}],"wp:attachment":[{"href":"https:\/\/nordis.ch\/index.php?rest_route=%2Fwp%2Fv2%2Fmedia&parent=1166"}],"wp:term":[{"taxonomy":"category","embeddable":true,"href":"https:\/\/nordis.ch\/index.php?rest_route=%2Fwp%2Fv2%2Fcategories&post=1166"},{"taxonomy":"post_tag","embeddable":true,"href":"https:\/\/nordis.ch\/index.php?rest_route=%2Fwp%2Fv2%2Ftags&post=1166"}],"curies":[{"name":"wp","href":"https:\/\/api.w.org\/{rel}","templated":true}]}}