{"id":1279,"date":"2017-01-07T13:32:43","date_gmt":"2017-01-07T12:32:43","guid":{"rendered":"http:\/\/nordis.ch\/?p=1279"},"modified":"2017-01-07T13:36:15","modified_gmt":"2017-01-07T12:36:15","slug":"liebling-schmeiss-schon-mal-die-weichenheizung-an","status":"publish","type":"post","link":"https:\/\/nordis.ch\/?p=1279","title":{"rendered":"Liebling, schmeiss schon mal die #Weichenheizung an!"},"content":{"rendered":"<p>Auch in Bremen ist es sch\u00f6n kalt, und euer rasender Reporter konnte am Morgen gar ein paar Fotos schiessen:<br \/>\n<div id=\"attachment_1281\" style=\"width: 5322px\" class=\"wp-caption aligncenter\"><img data-recalc-dims=\"1\" loading=\"lazy\" decoding=\"async\" aria-describedby=\"caption-attachment-1281\" data-attachment-id=\"1281\" data-permalink=\"https:\/\/nordis.ch\/?attachment_id=1281\" data-orig-file=\"https:\/\/i0.wp.com\/nordis.ch\/wp-content\/uploads\/2017-01-07-011.jpg?fit=5312%2C2988&amp;ssl=1\" data-orig-size=\"5312,2988\" data-comments-opened=\"0\" data-image-meta=\"{&quot;aperture&quot;:&quot;1.9&quot;,&quot;credit&quot;:&quot;&quot;,&quot;camera&quot;:&quot;SM-G920F&quot;,&quot;caption&quot;:&quot;Wallanlagen\\\/M\\u00fchle am Wall&quot;,&quot;created_timestamp&quot;:&quot;1483783194&quot;,&quot;copyright&quot;:&quot;&quot;,&quot;focal_length&quot;:&quot;4.3&quot;,&quot;iso&quot;:&quot;64&quot;,&quot;shutter_speed&quot;:&quot;0.02&quot;,&quot;title&quot;:&quot;Wallanlagen\\\/M\\u00fchle am Wall&quot;,&quot;orientation&quot;:&quot;1&quot;}\" data-image-title=\"Wallanlagen\/M\u00fchle am Wall\" data-image-description=\"\" data-image-caption=\"&lt;p&gt;Wallanlagen\/M\u00fchle am Wall&lt;\/p&gt;\n\" data-medium-file=\"https:\/\/i0.wp.com\/nordis.ch\/wp-content\/uploads\/2017-01-07-011.jpg?fit=300%2C169&amp;ssl=1\" data-large-file=\"https:\/\/i0.wp.com\/nordis.ch\/wp-content\/uploads\/2017-01-07-011.jpg?fit=750%2C422&amp;ssl=1\" src=\"https:\/\/i0.wp.com\/nordis.ch\/wp-content\/uploads\/2017-01-07-011.jpg?resize=750%2C422\" alt=\"\" width=\"750\" height=\"422\" class=\"size-full wp-image-1281\" srcset=\"https:\/\/i0.wp.com\/nordis.ch\/wp-content\/uploads\/2017-01-07-011.jpg?w=5312&amp;ssl=1 5312w, https:\/\/i0.wp.com\/nordis.ch\/wp-content\/uploads\/2017-01-07-011.jpg?resize=300%2C169&amp;ssl=1 300w, https:\/\/i0.wp.com\/nordis.ch\/wp-content\/uploads\/2017-01-07-011.jpg?resize=768%2C432&amp;ssl=1 768w, https:\/\/i0.wp.com\/nordis.ch\/wp-content\/uploads\/2017-01-07-011.jpg?resize=1024%2C576&amp;ssl=1 1024w, https:\/\/i0.wp.com\/nordis.ch\/wp-content\/uploads\/2017-01-07-011.jpg?w=1500 1500w, https:\/\/i0.wp.com\/nordis.ch\/wp-content\/uploads\/2017-01-07-011.jpg?w=2250 2250w\" sizes=\"auto, (max-width: 750px) 100vw, 750px\" \/><p id=\"caption-attachment-1281\" class=\"wp-caption-text\">Wallanlagen\/M\u00fchle am Wall<\/p><\/div><br \/>\n<iframe loading=\"lazy\" src=\"https:\/\/www.google.com\/maps\/embed?pb=!1m18!1m12!1m3!1d1198.3574950511966!2d8.808657662727745!3d53.079392995996905!2m3!1f0!2f0!3f0!3m2!1i1024!2i768!4f13.1!3m3!1m2!1s0x0%3A0x0!2zNTPCsDA0JzQ1LjgiTiA4wrA0OCczNC43IkU!5e0!3m2!1sde!2sch!4v1483791966549\" width=\"600\" height=\"450\" frameborder=\"0\" style=\"border:0\" allowfullscreen><\/iframe><br \/>\nEs ist so kalt, die Verkehrsbetriebe haben sogar ihre Weichenheizung angestellt.<br \/>\n<div id=\"attachment_1280\" style=\"width: 5322px\" class=\"wp-caption aligncenter\"><img data-recalc-dims=\"1\" loading=\"lazy\" decoding=\"async\" aria-describedby=\"caption-attachment-1280\" data-attachment-id=\"1280\" data-permalink=\"https:\/\/nordis.ch\/?attachment_id=1280\" data-orig-file=\"https:\/\/i0.wp.com\/nordis.ch\/wp-content\/uploads\/2017-01-07-004.jpg?fit=5312%2C2988&amp;ssl=1\" data-orig-size=\"5312,2988\" data-comments-opened=\"0\" data-image-meta=\"{&quot;aperture&quot;:&quot;1.9&quot;,&quot;credit&quot;:&quot;&quot;,&quot;camera&quot;:&quot;SM-G920F&quot;,&quot;caption&quot;:&quot;Weichenheizung&quot;,&quot;created_timestamp&quot;:&quot;1483782860&quot;,&quot;copyright&quot;:&quot;&quot;,&quot;focal_length&quot;:&quot;4.3&quot;,&quot;iso&quot;:&quot;80&quot;,&quot;shutter_speed&quot;:&quot;0.02&quot;,&quot;title&quot;:&quot;Weichenheizung&quot;,&quot;orientation&quot;:&quot;1&quot;}\" data-image-title=\"Weichenheizung\" data-image-description=\"\" data-image-caption=\"&lt;p&gt;Weichenheizung&lt;\/p&gt;\n\" data-medium-file=\"https:\/\/i0.wp.com\/nordis.ch\/wp-content\/uploads\/2017-01-07-004.jpg?fit=300%2C169&amp;ssl=1\" data-large-file=\"https:\/\/i0.wp.com\/nordis.ch\/wp-content\/uploads\/2017-01-07-004.jpg?fit=750%2C422&amp;ssl=1\" src=\"https:\/\/i0.wp.com\/nordis.ch\/wp-content\/uploads\/2017-01-07-004.jpg?resize=750%2C422\" alt=\"\" width=\"750\" height=\"422\" class=\"size-full wp-image-1280\" srcset=\"https:\/\/i0.wp.com\/nordis.ch\/wp-content\/uploads\/2017-01-07-004.jpg?w=5312&amp;ssl=1 5312w, https:\/\/i0.wp.com\/nordis.ch\/wp-content\/uploads\/2017-01-07-004.jpg?resize=300%2C169&amp;ssl=1 300w, https:\/\/i0.wp.com\/nordis.ch\/wp-content\/uploads\/2017-01-07-004.jpg?resize=768%2C432&amp;ssl=1 768w, https:\/\/i0.wp.com\/nordis.ch\/wp-content\/uploads\/2017-01-07-004.jpg?resize=1024%2C576&amp;ssl=1 1024w, https:\/\/i0.wp.com\/nordis.ch\/wp-content\/uploads\/2017-01-07-004.jpg?w=1500 1500w, https:\/\/i0.wp.com\/nordis.ch\/wp-content\/uploads\/2017-01-07-004.jpg?w=2250 2250w\" sizes=\"auto, (max-width: 750px) 100vw, 750px\" \/><p id=\"caption-attachment-1280\" class=\"wp-caption-text\">Weichenheizung<\/p><\/div><br \/>\nUnd es ist sauglatt. Autofahrer h\u00e4lt die Gl\u00e4tte aber nicht ab, einer f\u00e4hrt sogar mit 1,5 Autos durch die City:<br \/>\n<img data-recalc-dims=\"1\" loading=\"lazy\" decoding=\"async\" data-attachment-id=\"1282\" data-permalink=\"https:\/\/nordis.ch\/?attachment_id=1282\" data-orig-file=\"https:\/\/i0.wp.com\/nordis.ch\/wp-content\/uploads\/2017-01-07-013.jpg?fit=5312%2C2988&amp;ssl=1\" data-orig-size=\"5312,2988\" data-comments-opened=\"0\" data-image-meta=\"{&quot;aperture&quot;:&quot;1.9&quot;,&quot;credit&quot;:&quot;&quot;,&quot;camera&quot;:&quot;SM-G920F&quot;,&quot;caption&quot;:&quot;&quot;,&quot;created_timestamp&quot;:&quot;1483783261&quot;,&quot;copyright&quot;:&quot;&quot;,&quot;focal_length&quot;:&quot;4.3&quot;,&quot;iso&quot;:&quot;64&quot;,&quot;shutter_speed&quot;:&quot;0.02&quot;,&quot;title&quot;:&quot;&quot;,&quot;orientation&quot;:&quot;1&quot;}\" data-image-title=\"2017-01-07 013\" data-image-description=\"\" data-image-caption=\"\" data-medium-file=\"https:\/\/i0.wp.com\/nordis.ch\/wp-content\/uploads\/2017-01-07-013.jpg?fit=300%2C169&amp;ssl=1\" data-large-file=\"https:\/\/i0.wp.com\/nordis.ch\/wp-content\/uploads\/2017-01-07-013.jpg?fit=750%2C422&amp;ssl=1\" src=\"https:\/\/i0.wp.com\/nordis.ch\/wp-content\/uploads\/2017-01-07-013.jpg?resize=750%2C422\" alt=\"1,5 Autos\" width=\"750\" height=\"422\" class=\"aligncenter size-full wp-image-1282\" srcset=\"https:\/\/i0.wp.com\/nordis.ch\/wp-content\/uploads\/2017-01-07-013.jpg?w=5312&amp;ssl=1 5312w, https:\/\/i0.wp.com\/nordis.ch\/wp-content\/uploads\/2017-01-07-013.jpg?resize=300%2C169&amp;ssl=1 300w, https:\/\/i0.wp.com\/nordis.ch\/wp-content\/uploads\/2017-01-07-013.jpg?resize=768%2C432&amp;ssl=1 768w, https:\/\/i0.wp.com\/nordis.ch\/wp-content\/uploads\/2017-01-07-013.jpg?resize=1024%2C576&amp;ssl=1 1024w, https:\/\/i0.wp.com\/nordis.ch\/wp-content\/uploads\/2017-01-07-013.jpg?w=1500 1500w, https:\/\/i0.wp.com\/nordis.ch\/wp-content\/uploads\/2017-01-07-013.jpg?w=2250 2250w\" sizes=\"auto, (max-width: 750px) 100vw, 750px\" \/><br \/>\nWem&#8217;s gef\u00e4llt&#8230;<\/p>\n","protected":false},"excerpt":{"rendered":"<p>Auch in Bremen ist es sch\u00f6n kalt, und euer rasender Reporter konnte am Morgen gar ein paar Fotos schiessen: Es ist so kalt, die Verkehrsbetriebe haben sogar ihre Weichenheizung angestellt. Und es ist sauglatt. Autofahrer h\u00e4lt die Gl\u00e4tte aber nicht ab, einer f\u00e4hrt sogar mit 1,5 Autos durch die City: Wem&#8217;s gef\u00e4llt&#8230;<\/p>\n","protected":false},"author":1,"featured_media":0,"comment_status":"closed","ping_status":"open","sticky":false,"template":"","format":"standard","meta":{"ngg_post_thumbnail":0,"_jetpack_memberships_contains_paid_content":false,"footnotes":"","jetpack_publicize_message":"","jetpack_publicize_feature_enabled":true,"jetpack_social_post_already_shared":true,"jetpack_social_options":{"image_generator_settings":{"template":"highway","default_image_id":0,"font":"","enabled":false},"version":2}},"categories":[11,3,31,20],"tags":[],"class_list":["post-1279","post","type-post","status-publish","format-standard","hentry","category-bremen","category-im-norden","category-verkehr","category-warnung"],"jetpack_publicize_connections":[],"jetpack_featured_media_url":"","jetpack_sharing_enabled":true,"jetpack_shortlink":"https:\/\/wp.me\/p7kVSe-kD","jetpack-related-posts":[],"_links":{"self":[{"href":"https:\/\/nordis.ch\/index.php?rest_route=\/wp\/v2\/posts\/1279","targetHints":{"allow":["GET"]}}],"collection":[{"href":"https:\/\/nordis.ch\/index.php?rest_route=\/wp\/v2\/posts"}],"about":[{"href":"https:\/\/nordis.ch\/index.php?rest_route=\/wp\/v2\/types\/post"}],"author":[{"embeddable":true,"href":"https:\/\/nordis.ch\/index.php?rest_route=\/wp\/v2\/users\/1"}],"replies":[{"embeddable":true,"href":"https:\/\/nordis.ch\/index.php?rest_route=%2Fwp%2Fv2%2Fcomments&post=1279"}],"version-history":[{"count":3,"href":"https:\/\/nordis.ch\/index.php?rest_route=\/wp\/v2\/posts\/1279\/revisions"}],"predecessor-version":[{"id":1285,"href":"https:\/\/nordis.ch\/index.php?rest_route=\/wp\/v2\/posts\/1279\/revisions\/1285"}],"wp:attachment":[{"href":"https:\/\/nordis.ch\/index.php?rest_route=%2Fwp%2Fv2%2Fmedia&parent=1279"}],"wp:term":[{"taxonomy":"category","embeddable":true,"href":"https:\/\/nordis.ch\/index.php?rest_route=%2Fwp%2Fv2%2Fcategories&post=1279"},{"taxonomy":"post_tag","embeddable":true,"href":"https:\/\/nordis.ch\/index.php?rest_route=%2Fwp%2Fv2%2Ftags&post=1279"}],"curies":[{"name":"wp","href":"https:\/\/api.w.org\/{rel}","templated":true}]}}