{"id":1303,"date":"2017-01-10T23:25:33","date_gmt":"2017-01-10T22:25:33","guid":{"rendered":"http:\/\/nordis.ch\/?p=1303"},"modified":"2017-01-11T00:02:51","modified_gmt":"2017-01-10T23:02:51","slug":"warumnichtmaleintuerke-wdr-verklagt-satiriker-wegen-kritik-am-sender","status":"publish","type":"post","link":"https:\/\/nordis.ch\/?p=1303","title":{"rendered":"#WarumAusgerechnetEinT\u00fcrke? WDR verklagt Satiriker wegen Kritik am Sender"},"content":{"rendered":"<p>Der WDR tickt nicht ganz richtig, f\u00fchlt sich von der Kritik von Serdar Somuncu in diesem Video vom 5.11.2015 angemacht und <a href=\"https:\/\/www.tag24.de\/nachrichten\/netz-you-tube-video-serdar-somuncu-wdr-facebook-post-klage-zensiert-202264\" target=\"_blank\" class=\"broken_link\">verklagt<\/a> den Satiriker.<br \/>\nWenn man sonst nichts zu tun hat.<br \/>\nZu der j\u00fcngsten AfD-Wahlveranstaltung von <a href=\"http:\/\/www.spiegel.de\/kultur\/tv\/hart-aber-fair-ueber-sicherheit-rat-race-der-panikmacher-a-1129268.html\" target=\"_blank\">Frank Plasberg<\/a> sag ich jetzt mal nichts.<br \/>\nDie veranstaltende K\u00f6rber-Stiftung hat das Video auf Youtube gel\u00f6scht, aber irgendjemand hats wieder hochgeladen. Aber sehet selbst:<br \/>\n<iframe loading=\"lazy\" src=\"https:\/\/www.youtube.com\/embed\/Zq3OAiM9P_o\" allowfullscreen=\"allowfullscreen\" width=\"560\" height=\"315\" frameborder=\"0\"><\/iframe><br \/>\nDIE PARTEI dagegen meint: Warum nicht mal ein T\u00fcrke?<br \/>\n<a href=\"https:\/\/www.welt.de\/kmpkt\/article159929142\/Serdar-Somuncu-kandidiert-offiziell-fuers-Kanzleramt.html\" target=\"_blank\"><img data-recalc-dims=\"1\" loading=\"lazy\" decoding=\"async\" data-attachment-id=\"1306\" data-permalink=\"https:\/\/nordis.ch\/?attachment_id=1306\" data-orig-file=\"https:\/\/i0.wp.com\/nordis.ch\/wp-content\/uploads\/images.jpg?fit=369%2C136&amp;ssl=1\" data-orig-size=\"369,136\" data-comments-opened=\"0\" data-image-meta=\"{&quot;aperture&quot;:&quot;0&quot;,&quot;credit&quot;:&quot;&quot;,&quot;camera&quot;:&quot;&quot;,&quot;caption&quot;:&quot;&quot;,&quot;created_timestamp&quot;:&quot;0&quot;,&quot;copyright&quot;:&quot;&quot;,&quot;focal_length&quot;:&quot;0&quot;,&quot;iso&quot;:&quot;0&quot;,&quot;shutter_speed&quot;:&quot;0&quot;,&quot;title&quot;:&quot;&quot;,&quot;orientation&quot;:&quot;0&quot;}\" data-image-title=\"images\" data-image-description=\"\" data-image-caption=\"\" data-medium-file=\"https:\/\/i0.wp.com\/nordis.ch\/wp-content\/uploads\/images.jpg?fit=300%2C111&amp;ssl=1\" data-large-file=\"https:\/\/i0.wp.com\/nordis.ch\/wp-content\/uploads\/images.jpg?fit=369%2C136&amp;ssl=1\" src=\"https:\/\/i0.wp.com\/nordis.ch\/wp-content\/uploads\/images.jpg?resize=369%2C136\" alt=\"\" width=\"369\" height=\"136\" class=\"aligncenter size-full wp-image-1306\" srcset=\"https:\/\/i0.wp.com\/nordis.ch\/wp-content\/uploads\/images.jpg?w=369&amp;ssl=1 369w, https:\/\/i0.wp.com\/nordis.ch\/wp-content\/uploads\/images.jpg?resize=300%2C111&amp;ssl=1 300w\" sizes=\"auto, (max-width: 369px) 100vw, 369px\" \/><\/a><br \/>\nRecht hat sie!<\/p>\n","protected":false},"excerpt":{"rendered":"<p>Der WDR tickt nicht ganz richtig, f\u00fchlt sich von der Kritik von Serdar Somuncu in diesem Video vom 5.11.2015 angemacht und verklagt den Satiriker. Wenn man sonst nichts zu tun hat. Zu der j\u00fcngsten AfD-Wahlveranstaltung von Frank Plasberg sag ich jetzt mal nichts. Die veranstaltende K\u00f6rber-Stiftung hat das Video auf Youtube gel\u00f6scht, aber irgendjemand hats [&#8230;]<\/p>\n","protected":false},"author":1,"featured_media":0,"comment_status":"closed","ping_status":"open","sticky":false,"template":"","format":"standard","meta":{"ngg_post_thumbnail":0,"_jetpack_memberships_contains_paid_content":false,"footnotes":"","jetpack_publicize_message":"","jetpack_publicize_feature_enabled":true,"jetpack_social_post_already_shared":true,"jetpack_social_options":{"image_generator_settings":{"template":"highway","default_image_id":0,"font":"","enabled":false},"version":2}},"categories":[16,24,22,13,34,14,20,29],"tags":[],"class_list":["post-1303","post","type-post","status-publish","format-standard","hentry","category-abendland","category-angstbange","category-bildung","category-culture","category-im-westen","category-medien","category-warnung","category-wissenschaft"],"jetpack_publicize_connections":[],"jetpack_featured_media_url":"","jetpack_sharing_enabled":true,"jetpack_shortlink":"https:\/\/wp.me\/p7kVSe-l1","jetpack-related-posts":[],"_links":{"self":[{"href":"https:\/\/nordis.ch\/index.php?rest_route=\/wp\/v2\/posts\/1303","targetHints":{"allow":["GET"]}}],"collection":[{"href":"https:\/\/nordis.ch\/index.php?rest_route=\/wp\/v2\/posts"}],"about":[{"href":"https:\/\/nordis.ch\/index.php?rest_route=\/wp\/v2\/types\/post"}],"author":[{"embeddable":true,"href":"https:\/\/nordis.ch\/index.php?rest_route=\/wp\/v2\/users\/1"}],"replies":[{"embeddable":true,"href":"https:\/\/nordis.ch\/index.php?rest_route=%2Fwp%2Fv2%2Fcomments&post=1303"}],"version-history":[{"count":8,"href":"https:\/\/nordis.ch\/index.php?rest_route=\/wp\/v2\/posts\/1303\/revisions"}],"predecessor-version":[{"id":1312,"href":"https:\/\/nordis.ch\/index.php?rest_route=\/wp\/v2\/posts\/1303\/revisions\/1312"}],"wp:attachment":[{"href":"https:\/\/nordis.ch\/index.php?rest_route=%2Fwp%2Fv2%2Fmedia&parent=1303"}],"wp:term":[{"taxonomy":"category","embeddable":true,"href":"https:\/\/nordis.ch\/index.php?rest_route=%2Fwp%2Fv2%2Fcategories&post=1303"},{"taxonomy":"post_tag","embeddable":true,"href":"https:\/\/nordis.ch\/index.php?rest_route=%2Fwp%2Fv2%2Ftags&post=1303"}],"curies":[{"name":"wp","href":"https:\/\/api.w.org\/{rel}","templated":true}]}}