{"id":1783,"date":"2018-07-04T10:55:47","date_gmt":"2018-07-04T09:55:47","guid":{"rendered":"http:\/\/nordis.ch\/?p=1783"},"modified":"2018-07-04T12:12:02","modified_gmt":"2018-07-04T11:12:02","slug":"abt-besser-spaet-als-nie-9-militaers-in-chile-wegen-des-mordes-an-victor-jara-verurteilt","status":"publish","type":"post","link":"https:\/\/nordis.ch\/?p=1783","title":{"rendered":"Abt. Besser sp\u00e4t als nie: 9 Milit\u00e4rs in Chile wegen des Mordes an Victor Jara verurteilt"},"content":{"rendered":"<p>468: Chile: Wegen des Mordes am S\u00e4nger <a href=\"https:\/\/de.wikipedia.org\/wiki\/V%C3%ADctor_Jara\" rel=\"noopener\" target=\"_blank\">Victor Jara<\/a> nach dem Putsch 1973 wurden 9 Ex-Milit\u00e4rs zu 5-15 Jahren Haft verurteilt. Die USA forcierten den Putsch.<\/p>\n<p><iframe loading=\"lazy\" width=\"560\" height=\"315\" src=\"https:\/\/www.youtube.com\/embed\/Kkm-1klMZxw\" frameborder=\"0\" allow=\"autoplay; encrypted-media\" allowfullscreen><\/iframe><\/p>\n","protected":false},"excerpt":{"rendered":"<p>468: Chile: Wegen des Mordes am S\u00e4nger Victor Jara nach dem Putsch 1973 wurden 9 Ex-Milit\u00e4rs zu 5-15 Jahren Haft verurteilt. Die USA forcierten den Putsch.<\/p>\n","protected":false},"author":1,"featured_media":0,"comment_status":"closed","ping_status":"open","sticky":false,"template":"","format":"standard","meta":{"ngg_post_thumbnail":0,"_jetpack_memberships_contains_paid_content":false,"footnotes":"","jetpack_publicize_message":"","jetpack_publicize_feature_enabled":true,"jetpack_social_post_already_shared":true,"jetpack_social_options":{"image_generator_settings":{"template":"highway","default_image_id":0,"font":"","enabled":false},"version":2}},"categories":[22,13,33,44,14],"tags":[],"class_list":["post-1783","post","type-post","status-publish","format-standard","hentry","category-bildung","category-culture","category-geschichte","category-good-news","category-medien"],"jetpack_publicize_connections":[],"jetpack_featured_media_url":"","jetpack_sharing_enabled":true,"jetpack_shortlink":"https:\/\/wp.me\/p7kVSe-sL","jetpack-related-posts":[],"_links":{"self":[{"href":"https:\/\/nordis.ch\/index.php?rest_route=\/wp\/v2\/posts\/1783","targetHints":{"allow":["GET"]}}],"collection":[{"href":"https:\/\/nordis.ch\/index.php?rest_route=\/wp\/v2\/posts"}],"about":[{"href":"https:\/\/nordis.ch\/index.php?rest_route=\/wp\/v2\/types\/post"}],"author":[{"embeddable":true,"href":"https:\/\/nordis.ch\/index.php?rest_route=\/wp\/v2\/users\/1"}],"replies":[{"embeddable":true,"href":"https:\/\/nordis.ch\/index.php?rest_route=%2Fwp%2Fv2%2Fcomments&post=1783"}],"version-history":[{"count":2,"href":"https:\/\/nordis.ch\/index.php?rest_route=\/wp\/v2\/posts\/1783\/revisions"}],"predecessor-version":[{"id":1785,"href":"https:\/\/nordis.ch\/index.php?rest_route=\/wp\/v2\/posts\/1783\/revisions\/1785"}],"wp:attachment":[{"href":"https:\/\/nordis.ch\/index.php?rest_route=%2Fwp%2Fv2%2Fmedia&parent=1783"}],"wp:term":[{"taxonomy":"category","embeddable":true,"href":"https:\/\/nordis.ch\/index.php?rest_route=%2Fwp%2Fv2%2Fcategories&post=1783"},{"taxonomy":"post_tag","embeddable":true,"href":"https:\/\/nordis.ch\/index.php?rest_route=%2Fwp%2Fv2%2Ftags&post=1783"}],"curies":[{"name":"wp","href":"https:\/\/api.w.org\/{rel}","templated":true}]}}