{"id":210,"date":"2015-03-04T22:00:39","date_gmt":"2015-03-04T21:00:39","guid":{"rendered":"http:\/\/nordis.ch\/?p=210"},"modified":"2015-12-20T22:03:53","modified_gmt":"2015-12-20T21:03:53","slug":"wasdennsonst-reaktionen-auf-die-razzia-im-islamischen-zentrum","status":"publish","type":"post","link":"https:\/\/nordis.ch\/?p=210","title":{"rendered":"#Kommentar Zur Razzia im Islamischen Zentrum"},"content":{"rendered":"<p>Entschuldigung, liebe Polizei und lieber <a title=\"Spiegel\" href=\"http:\/\/www.spiegel.de\/panorama\/gesellschaft\/islamisches-kulturzentrum-in-bremen-beschwerde-gegen-razzia-a-1021571.html\" target=\"_blank\">Spiegel<\/a> &amp; Co. Es ist doch das gute Recht des Islamischen Zentrums, klar zu machen, dass bei der Razzia am Samstag so rein gar kein inkriminierendes Beweismittel gefunden wurde, man demnach unschuldig ist. Das der Vorsitzende des Islamischen Kulturzentrums in Bremen IKZ auch noch sagt &#8211; n\u00f6tig w\u00e4re das nicht &#8211; dass man sowieso keinem etwas tun will, ist doch eigentlich recht freundlich. Was soll er denn sonst sagen? Einen Strick darf man ihm daraus jedenfalls nicht drehen. Und erst Recht nicht aus der Tatsache, dass die M\u00e4nner B\u00e4rte tragen und Jugendliche Fotos\/Videos mit ihren Smartphones machen (das machen die \u00fcbrigens \u00fcberall, wo es was zu sehen gibt). Wer trotzdem was an den Zentren zu m\u00e4keln hat, der soll vortreten und klar sagen, was das ist und wenn Polizei\/Justiz mehr wissen als wir, dann sollen sie dem bittesch\u00f6n nachgehen. Und das lieber heute als morgen. Und um es ganz klar zu sagen: Wer die muslimischen Teile unserer Einwohnerschaft unter Generalverdacht stellt und olle Clich\u00e9s verbreitet, der macht genau das, was die Bauernf\u00e4nger vom IS gerne h\u00e4tten. Einen Keil zwischen die Menschen zu schlagen, die schon lange friedlich miteinander leben.<br \/>\nNur zum Sagen: Wer heute als Muslim auftritt, darf sich subtiler Verachtung doch ziemlich sicher sein. Die sollen sich umgehend entschuldigen, f\u00fcr irgendwas, was irgendwer irgendwo gemacht hat. Dass das die Moslems in die Enge treibt, dass sie sich ungeliebt f\u00fchlen, ausgestossen, ausgegrenzt, sorry: Das ist doch wohl klar.<br \/>\nUnd genau das ist der N\u00e4hrboden, auf dem Extremismus w\u00e4chst.<\/p>\n<p>Die Razzia vom Samstag ist eine Niederlage der Ermittler. Und da muss man Gr\u00f6sse beweisen und sich auch Mutmassungen des Vereins gefallen lassen, dass das vielleicht nur Wahlkampf gewesen sei.<br \/>\nNordis.ch hat mit Glauben jedweder Coleur so rein gar nichts am Hut, aber was Recht ist muss Recht bleiben. Worauf wollen wir uns denn am Ende berufen, wenn nicht auf unsere verbrieften Grundrechte?<br \/>\nDer Verdacht, dass irgendwer irgendwas plant ist durch die Razzien in keiner Weise erh\u00e4rtet worden. Also ersetzt die eingetretenen T\u00fcren, entschuldigt euch, dass diesmal nicht mit der &#8211; bei der Schliessung des Islamischen Zentrums KuF m\u00f6glich gewesenen &#8211; Achtung vor den Regeln in diesen H\u00e4usern vorgegangen seid. Weil die Chauvis von der Christlich Demokratischen Union noch immer einen draufsetzen m\u00f6chten. fangen die jetzt an mit <a title=\"CDU\" href=\"http:\/\/www.weser-kurier.de\/bremen\/bremen-stadtreport_artikel,-Staatsanwaltschaft-und-Polizei-streiten-Vorwuerfe-ab-_arid,1071548.html\" target=\"_blank\">&#8222;Razzia zu sp\u00e4t&#8220; <\/a> blabla. Dass das Zentrum \u00fcberwacht wurde, war ein offenes Geheimnis, und wer dort dennoch illegale Waffengesch\u00e4fte abwickelt, handelte zumindest riskant.<br \/>\nUnd nun zu den Medien: Der Bremer Polizei wurden doch keine Infos <a title=\"weserkurier\" href=\"http:\/\/www.weser-kurier.de\/bremen\/bremen-stadtreport_artikel,-Staatsanwaltschaft-und-Polizei-streiten-Vorwuerfe-ab-_arid,1071548.html\" target=\"_blank\">zugespielt<\/a>, es waren doch Infos einer\u00a0Bundesbeh\u00f6rde. Damit spielt man nicht. Und Medien: Nur weil der Polizeichef Zuversicht verstr\u00f6mt, dass da schon irgendwas dran ist, gewaltbereite Salafisten und so&#8230; m\u00fcsst ihr das noch lange nicht so \u00fcbernehmen. Reisst euch mal zusammen und macht eure Arbeit! Und wer jetzt ins Feld f\u00fchrt, die Frauen seien verschleiert, <a title=\"Spiegel\" href=\"http:\/\/www.spiegel.de\/panorama\/gesellschaft\/islamisches-kulturzentrum-in-bremen-beschwerde-gegen-razzia-a-1021571.html\" target=\"_blank\">die M\u00e4nner h\u00e4tten B\u00e4rte und guckten so b\u00f6se und die Jungs machten Videos<\/a>&#8230; sorry, damit kommt ihr nicht weit. Zumindest bei uns nicht.<\/p>\n","protected":false},"excerpt":{"rendered":"<p>Entschuldigung, liebe Polizei und lieber Spiegel &amp; Co. Es ist doch das gute Recht des Islamischen Zentrums, klar zu machen, dass bei der Razzia am Samstag so rein gar kein inkriminierendes Beweismittel gefunden wurde, man demnach unschuldig ist. Das der Vorsitzende des Islamischen Kulturzentrums in Bremen IKZ auch noch sagt &#8211; n\u00f6tig w\u00e4re das nicht [&#8230;]<\/p>\n","protected":false},"author":1,"featured_media":0,"comment_status":"open","ping_status":"open","sticky":false,"template":"","format":"standard","meta":{"ngg_post_thumbnail":0,"_jetpack_memberships_contains_paid_content":false,"footnotes":"","jetpack_publicize_message":"","jetpack_publicize_feature_enabled":true,"jetpack_social_post_already_shared":false,"jetpack_social_options":{"image_generator_settings":{"template":"highway","default_image_id":0,"font":"","enabled":false},"version":2}},"categories":[16,11,3,18,17],"tags":[],"class_list":["post-210","post","type-post","status-publish","format-standard","hentry","category-abendland","category-bremen","category-im-norden","category-maghreb","category-morgenland"],"jetpack_publicize_connections":[],"jetpack_featured_media_url":"","jetpack_sharing_enabled":true,"jetpack_shortlink":"https:\/\/wp.me\/p7kVSe-3o","jetpack-related-posts":[],"_links":{"self":[{"href":"https:\/\/nordis.ch\/index.php?rest_route=\/wp\/v2\/posts\/210","targetHints":{"allow":["GET"]}}],"collection":[{"href":"https:\/\/nordis.ch\/index.php?rest_route=\/wp\/v2\/posts"}],"about":[{"href":"https:\/\/nordis.ch\/index.php?rest_route=\/wp\/v2\/types\/post"}],"author":[{"embeddable":true,"href":"https:\/\/nordis.ch\/index.php?rest_route=\/wp\/v2\/users\/1"}],"replies":[{"embeddable":true,"href":"https:\/\/nordis.ch\/index.php?rest_route=%2Fwp%2Fv2%2Fcomments&post=210"}],"version-history":[{"count":6,"href":"https:\/\/nordis.ch\/index.php?rest_route=\/wp\/v2\/posts\/210\/revisions"}],"predecessor-version":[{"id":761,"href":"https:\/\/nordis.ch\/index.php?rest_route=\/wp\/v2\/posts\/210\/revisions\/761"}],"wp:attachment":[{"href":"https:\/\/nordis.ch\/index.php?rest_route=%2Fwp%2Fv2%2Fmedia&parent=210"}],"wp:term":[{"taxonomy":"category","embeddable":true,"href":"https:\/\/nordis.ch\/index.php?rest_route=%2Fwp%2Fv2%2Fcategories&post=210"},{"taxonomy":"post_tag","embeddable":true,"href":"https:\/\/nordis.ch\/index.php?rest_route=%2Fwp%2Fv2%2Ftags&post=210"}],"curies":[{"name":"wp","href":"https:\/\/api.w.org\/{rel}","templated":true}]}}