{"id":263,"date":"2015-03-09T20:36:19","date_gmt":"2015-03-09T19:36:19","guid":{"rendered":"http:\/\/nordis.ch\/?p=263"},"modified":"2015-03-10T10:40:03","modified_gmt":"2015-03-10T09:40:03","slug":"frauenpower-gegen-polit-cowboys","status":"publish","type":"post","link":"https:\/\/nordis.ch\/?p=263","title":{"rendered":"#FrauenPower gegen Polit-Cowboys"},"content":{"rendered":"<p>Ob es Zufall ist, dass es ausgerechnet Frauen sind, die sich in die H\u00f6hle des L\u00f6wens begeben haben? Z.B. Mo Asumang, die sich in ihrem Film &#8222;<a title=\"Arier\" href=\"die-arier.com\" target=\"_blank\" class=\"broken_link\">Die Arier<\/a>&#8220; auf freundlichste Weise mit Neonazis und KluKlux-Clan-Leuten unterhielt und dabei Erstaunliches zu Tage brachte, u.a. das der Iran das Land der Arier ist und dass die Nazis sich genausogut Indianer h\u00e4tten nennen k\u00f6nnen. Zumindest h\u00e4tten sie mit denen gleichviel resp. wenig gemein. Sie tourt \u00fcbrigens mit ihrem Film und einem Nazi-Aussteiger durch die Schulen.<\/p>\n<p><a href=\"https:\/\/i0.wp.com\/nordis.ch\/wp-content\/uploads\/Asumang.jpg\"><img data-recalc-dims=\"1\" loading=\"lazy\" decoding=\"async\" data-attachment-id=\"265\" data-permalink=\"https:\/\/nordis.ch\/?attachment_id=265\" data-orig-file=\"https:\/\/i0.wp.com\/nordis.ch\/wp-content\/uploads\/Asumang.jpg?fit=765%2C505&amp;ssl=1\" data-orig-size=\"765,505\" data-comments-opened=\"1\" data-image-meta=\"{&quot;aperture&quot;:&quot;0&quot;,&quot;credit&quot;:&quot;&quot;,&quot;camera&quot;:&quot;&quot;,&quot;caption&quot;:&quot;&quot;,&quot;created_timestamp&quot;:&quot;0&quot;,&quot;copyright&quot;:&quot;&quot;,&quot;focal_length&quot;:&quot;0&quot;,&quot;iso&quot;:&quot;0&quot;,&quot;shutter_speed&quot;:&quot;0&quot;,&quot;title&quot;:&quot;&quot;,&quot;orientation&quot;:&quot;0&quot;}\" data-image-title=\"Asumang\" data-image-description=\"\" data-image-caption=\"\" data-medium-file=\"https:\/\/i0.wp.com\/nordis.ch\/wp-content\/uploads\/Asumang.jpg?fit=300%2C198&amp;ssl=1\" data-large-file=\"https:\/\/i0.wp.com\/nordis.ch\/wp-content\/uploads\/Asumang.jpg?fit=750%2C495&amp;ssl=1\" class=\"alignleft size-medium wp-image-265\" src=\"https:\/\/i0.wp.com\/nordis.ch\/wp-content\/uploads\/Asumang.jpg?resize=300%2C198\" alt=\"Asumang\" width=\"300\" height=\"198\" srcset=\"https:\/\/i0.wp.com\/nordis.ch\/wp-content\/uploads\/Asumang.jpg?resize=300%2C198&amp;ssl=1 300w, https:\/\/i0.wp.com\/nordis.ch\/wp-content\/uploads\/Asumang.jpg?w=765&amp;ssl=1 765w\" sizes=\"auto, (max-width: 300px) 100vw, 300px\" \/><\/a><br \/>\nBei <a title=\"Pelzig\" href=\"http:\/\/www.zdf.de\/ZDFmediathek\/kanaluebersicht\/1256648#\/beitrag\/video\/2351500\/Pelzig-h%C3%A4lt-sich-vom-3-M%C3%A4rz-2015\" target=\"_blank\" class=\"broken_link\">Pelzig<\/a> (Min 51.) erz\u00e4hlt sie: &#8222;Die Leute werden auch ungl\u00fccklich gehalten, bei den Nazis, beim Klu-Klux-Clan und auch beim IS, da funktioniert das genauso.&#8220; Und: &#8222;Rassismus ist ein Gesch\u00e4ft!&#8220;.<\/p>\n<p>Sie geht heute aktiv auf Nazis zu, fragt: &#8222;Du hast Probleme, und schiebst Deine Probleme weg auf andere? Interessant.&#8220;<\/p>\n<p>&nbsp;<\/p>\n<p>Oder <a title=\"mirikomplkex\" href=\"https:\/\/mirikomplex.wordpress.com\/2011\/08\/15\/hello-world\/\" target=\"_blank\" class=\"broken_link\">Beate Krafft-Sch\u00f6ning<\/a>, die sich intensiv mit der Grossfamilie Miri in Bremen besch\u00e4ftigte und in <a title=\"Amazon\" href=\"http:\/\/www.amazon.de\/Blutsbande-Gro%C3%9Ffamilie-Deutschland-ber%C3%BCchtigte-%C2%BBMiri-Clan%C2%AB\/dp\/3868833145\" target=\"_blank\">ihrem Buch<\/a> ein deutlich <a title=\"Miri-Clan\" href=\"http:\/\/www.welt.de\/vermischtes\/article121065099\/Eine-Familie-tief-verstrickt-ins-Verbrechen.html\" target=\"_blank\">differenzierteres Bild<\/a> \u00fcber die weitgestreute Familie entwarf als z.B. der <a title=\"ARD\" href=\"http:\/\/www.daserste.de\/unterhaltung\/krimi\/tatort\/sendung\/tatort-bremen-brueder-100.html\" target=\"_blank\">Tatort<\/a>, der mithalf, das landl\u00e4ufige Vorurteil einer mafi\u00f6sen Familie zu zementieren.<br \/>\n<a href=\"https:\/\/i0.wp.com\/nordis.ch\/wp-content\/uploads\/Blutsbande.jpg\"><img data-recalc-dims=\"1\" loading=\"lazy\" decoding=\"async\" data-attachment-id=\"280\" data-permalink=\"https:\/\/nordis.ch\/?attachment_id=280\" data-orig-file=\"https:\/\/i0.wp.com\/nordis.ch\/wp-content\/uploads\/Blutsbande.jpg?fit=381%2C528&amp;ssl=1\" data-orig-size=\"381,528\" data-comments-opened=\"1\" data-image-meta=\"{&quot;aperture&quot;:&quot;0&quot;,&quot;credit&quot;:&quot;&quot;,&quot;camera&quot;:&quot;&quot;,&quot;caption&quot;:&quot;&quot;,&quot;created_timestamp&quot;:&quot;0&quot;,&quot;copyright&quot;:&quot;&quot;,&quot;focal_length&quot;:&quot;0&quot;,&quot;iso&quot;:&quot;0&quot;,&quot;shutter_speed&quot;:&quot;0&quot;,&quot;title&quot;:&quot;&quot;,&quot;orientation&quot;:&quot;0&quot;}\" data-image-title=\"Blutsbande\" data-image-description=\"\" data-image-caption=\"\" data-medium-file=\"https:\/\/i0.wp.com\/nordis.ch\/wp-content\/uploads\/Blutsbande.jpg?fit=216%2C300&amp;ssl=1\" data-large-file=\"https:\/\/i0.wp.com\/nordis.ch\/wp-content\/uploads\/Blutsbande.jpg?fit=381%2C528&amp;ssl=1\" class=\"alignleft wp-image-280 size-medium\" src=\"https:\/\/i0.wp.com\/nordis.ch\/wp-content\/uploads\/Blutsbande.jpg?resize=216%2C300\" alt=\"Blutsbande\" width=\"216\" height=\"300\" srcset=\"https:\/\/i0.wp.com\/nordis.ch\/wp-content\/uploads\/Blutsbande.jpg?resize=216%2C300&amp;ssl=1 216w, https:\/\/i0.wp.com\/nordis.ch\/wp-content\/uploads\/Blutsbande.jpg?w=381&amp;ssl=1 381w\" sizes=\"auto, (max-width: 216px) 100vw, 216px\" \/><\/a><br \/>\nGem\u00e4ss ihrem <a title=\"mirikomplkex\" href=\"https:\/\/mirikomplex.wordpress.com\/2011\/08\/15\/hello-world\/\" target=\"_blank\" class=\"broken_link\">Blog<\/a> versucht sie auch die tendenzi\u00f6se Berichterstattung im Fall &#8222;Bremer Terroralarm&#8220; zu korrigieren; sie schreibt dort z.B. dass der des Waffenhandels verd\u00e4chtige Libanese aus Bremen-Nord so rein gar nichts mit dem Miri-Clan zu tun habe, was aber die Berichte u.a. von Radio Bremen suggerierten. Sie verlangte eine Richtigstellung. Chapeau!<\/p>\n<p>All die Polit-Cowboys sollten sich ein Beispiel an den Frauen nehmen und auf die kritisierten Menschen zugehen, statt sie mit Repression und Ausgrenzung noch weiter in die Enge zu treiben.<\/p>\n<p>Dass die Nazis ihren Nachwuchs rekrutieren k\u00f6nnen, dass die Migranten ihr Heil in der Illegalit\u00e4t oder Fanatismus suchen, liegt nicht zuletzt an sozialer Ungerechtigkeit, und die ist in Bremen so gross wie kaum anderswo.<\/p>\n<p>Statt sich zehn neue Stellen f\u00fcr den Verfassungsschutz an Land zu ziehen w\u00e4re es effektiver gewesen, die 4,5 Mio EUR an nicht verbrauchten Bundesgeldern aus dem <a title=\"taz\" href=\"http:\/\/www.taz.de\/!148351\/\" target=\"_blank\">&#8222;<\/a><span class=\"body\"><a title=\"taz\" href=\"http:\/\/www.taz.de\/!148351\/\" target=\"_blank\">Eingliederungsbudget&#8220; wieder aus Bremen<\/a> nicht wieder abfliessen zu lassen. Oder sich intensiver auf die Suche nach <a title=\"Geld her\" href=\"http:\/\/nordis.ch\/?p=69\" target=\"_blank\">Steuerhinterziehern<\/a> zu machen. Da ist HB n\u00e4mlich auch ganz vorne mit dabei.<br \/>\n<\/span><\/p>\n","protected":false},"excerpt":{"rendered":"<p>Ob es Zufall ist, dass es ausgerechnet Frauen sind, die sich in die H\u00f6hle des L\u00f6wens begeben haben? Z.B. Mo Asumang, die sich in ihrem Film &#8222;Die Arier&#8220; auf freundlichste Weise mit Neonazis und KluKlux-Clan-Leuten unterhielt und dabei Erstaunliches zu Tage brachte, u.a. das der Iran das Land der Arier ist und dass die Nazis [&#8230;]<\/p>\n","protected":false},"author":1,"featured_media":0,"comment_status":"open","ping_status":"open","sticky":false,"template":"","format":"standard","meta":{"ngg_post_thumbnail":0,"_jetpack_memberships_contains_paid_content":false,"footnotes":"","jetpack_publicize_message":"","jetpack_publicize_feature_enabled":true,"jetpack_social_post_already_shared":false,"jetpack_social_options":{"image_generator_settings":{"template":"highway","default_image_id":0,"font":"","enabled":false},"version":2}},"categories":[16,22,11,3,7,12],"tags":[],"class_list":["post-263","post","type-post","status-publish","format-standard","hentry","category-abendland","category-bildung","category-bremen","category-im-norden","category-leben-und-arbeiten","category-wirtschaft"],"jetpack_publicize_connections":[],"jetpack_featured_media_url":"","jetpack_sharing_enabled":true,"jetpack_shortlink":"https:\/\/wp.me\/p7kVSe-4f","jetpack-related-posts":[],"_links":{"self":[{"href":"https:\/\/nordis.ch\/index.php?rest_route=\/wp\/v2\/posts\/263","targetHints":{"allow":["GET"]}}],"collection":[{"href":"https:\/\/nordis.ch\/index.php?rest_route=\/wp\/v2\/posts"}],"about":[{"href":"https:\/\/nordis.ch\/index.php?rest_route=\/wp\/v2\/types\/post"}],"author":[{"embeddable":true,"href":"https:\/\/nordis.ch\/index.php?rest_route=\/wp\/v2\/users\/1"}],"replies":[{"embeddable":true,"href":"https:\/\/nordis.ch\/index.php?rest_route=%2Fwp%2Fv2%2Fcomments&post=263"}],"version-history":[{"count":12,"href":"https:\/\/nordis.ch\/index.php?rest_route=\/wp\/v2\/posts\/263\/revisions"}],"predecessor-version":[{"id":286,"href":"https:\/\/nordis.ch\/index.php?rest_route=\/wp\/v2\/posts\/263\/revisions\/286"}],"wp:attachment":[{"href":"https:\/\/nordis.ch\/index.php?rest_route=%2Fwp%2Fv2%2Fmedia&parent=263"}],"wp:term":[{"taxonomy":"category","embeddable":true,"href":"https:\/\/nordis.ch\/index.php?rest_route=%2Fwp%2Fv2%2Fcategories&post=263"},{"taxonomy":"post_tag","embeddable":true,"href":"https:\/\/nordis.ch\/index.php?rest_route=%2Fwp%2Fv2%2Ftags&post=263"}],"curies":[{"name":"wp","href":"https:\/\/api.w.org\/{rel}","templated":true}]}}