{"id":273,"date":"2015-03-03T22:44:55","date_gmt":"2015-03-03T21:44:55","guid":{"rendered":"http:\/\/nordis.ch\/?p=273"},"modified":"2015-03-09T23:01:34","modified_gmt":"2015-03-09T22:01:34","slug":"oneless-radio-fluxfm-sendet-in-bremen-nicht-mehr","status":"publish","type":"post","link":"https:\/\/nordis.ch\/?p=273","title":{"rendered":"#OneLess Radio FluxFM sendet in Bremen nicht mehr"},"content":{"rendered":"<p><a href=\"https:\/\/i0.wp.com\/nordis.ch\/wp-content\/uploads\/fluxfm.jpg\"><img data-recalc-dims=\"1\" loading=\"lazy\" decoding=\"async\" data-attachment-id=\"274\" data-permalink=\"https:\/\/nordis.ch\/?attachment_id=274\" data-orig-file=\"https:\/\/i0.wp.com\/nordis.ch\/wp-content\/uploads\/fluxfm.jpg?fit=667%2C643&amp;ssl=1\" data-orig-size=\"667,643\" data-comments-opened=\"1\" data-image-meta=\"{&quot;aperture&quot;:&quot;0&quot;,&quot;credit&quot;:&quot;&quot;,&quot;camera&quot;:&quot;&quot;,&quot;caption&quot;:&quot;&quot;,&quot;created_timestamp&quot;:&quot;0&quot;,&quot;copyright&quot;:&quot;&quot;,&quot;focal_length&quot;:&quot;0&quot;,&quot;iso&quot;:&quot;0&quot;,&quot;shutter_speed&quot;:&quot;0&quot;,&quot;title&quot;:&quot;&quot;,&quot;orientation&quot;:&quot;0&quot;}\" data-image-title=\"fluxfm\" data-image-description=\"\" data-image-caption=\"\" data-medium-file=\"https:\/\/i0.wp.com\/nordis.ch\/wp-content\/uploads\/fluxfm.jpg?fit=300%2C289&amp;ssl=1\" data-large-file=\"https:\/\/i0.wp.com\/nordis.ch\/wp-content\/uploads\/fluxfm.jpg?fit=667%2C643&amp;ssl=1\" src=\"https:\/\/i0.wp.com\/nordis.ch\/wp-content\/uploads\/fluxfm.jpg?resize=667%2C643\" alt=\"fluxfm\" width=\"667\" height=\"643\" class=\"alignleft size-full wp-image-274\" srcset=\"https:\/\/i0.wp.com\/nordis.ch\/wp-content\/uploads\/fluxfm.jpg?w=667&amp;ssl=1 667w, https:\/\/i0.wp.com\/nordis.ch\/wp-content\/uploads\/fluxfm.jpg?resize=300%2C289&amp;ssl=1 300w\" sizes=\"auto, (max-width: 667px) 100vw, 667px\" \/><\/a><br \/>\nDie insgesamt ja eher bescheidene Medienszene Bremens <a href=\"http:\/\/www.fluxfm.de\/bremen\/\" title=\"FluxFM\" target=\"_blank\" class=\"broken_link\">verliert mit FluxFM<\/a> einen weiteren Hoffnungstr\u00e4ger, dessen bedauernswerter Niedergang sich allerdings schon l\u00e4nger abzeichnete.<br \/>\nAm Ende <a href=\"http:\/\/www.taz.de\/Nachruf-auf-Flux-FM\/!155753\/\" title=\"taz\" target=\"_blank\">war es wohl der Mix aus Empfangsproblemen, geringen Werbeeinnahmen und zu wenig Unabh\u00e4ngigkeit von der Berliner Zentrale<\/a>, der zum Ende des Projektes f\u00fchrte.<\/p>\n","protected":false},"excerpt":{"rendered":"<p>Die insgesamt ja eher bescheidene Medienszene Bremens verliert mit FluxFM einen weiteren Hoffnungstr\u00e4ger, dessen bedauernswerter Niedergang sich allerdings schon l\u00e4nger abzeichnete. Am Ende war es wohl der Mix aus Empfangsproblemen, geringen Werbeeinnahmen und zu wenig Unabh\u00e4ngigkeit von der Berliner Zentrale, der zum Ende des Projektes f\u00fchrte.<\/p>\n","protected":false},"author":1,"featured_media":0,"comment_status":"open","ping_status":"open","sticky":false,"template":"","format":"standard","meta":{"ngg_post_thumbnail":0,"_jetpack_memberships_contains_paid_content":false,"footnotes":"","jetpack_publicize_message":"","jetpack_publicize_feature_enabled":true,"jetpack_social_post_already_shared":false,"jetpack_social_options":{"image_generator_settings":{"template":"highway","default_image_id":0,"font":"","enabled":false},"version":2}},"categories":[5,11,13,19],"tags":[],"class_list":["post-273","post","type-post","status-publish","format-standard","hentry","category-ausgehen","category-bremen","category-culture","category-pausenmusik"],"jetpack_publicize_connections":[],"jetpack_featured_media_url":"","jetpack_sharing_enabled":true,"jetpack_shortlink":"https:\/\/wp.me\/p7kVSe-4p","jetpack-related-posts":[],"_links":{"self":[{"href":"https:\/\/nordis.ch\/index.php?rest_route=\/wp\/v2\/posts\/273","targetHints":{"allow":["GET"]}}],"collection":[{"href":"https:\/\/nordis.ch\/index.php?rest_route=\/wp\/v2\/posts"}],"about":[{"href":"https:\/\/nordis.ch\/index.php?rest_route=\/wp\/v2\/types\/post"}],"author":[{"embeddable":true,"href":"https:\/\/nordis.ch\/index.php?rest_route=\/wp\/v2\/users\/1"}],"replies":[{"embeddable":true,"href":"https:\/\/nordis.ch\/index.php?rest_route=%2Fwp%2Fv2%2Fcomments&post=273"}],"version-history":[{"count":2,"href":"https:\/\/nordis.ch\/index.php?rest_route=\/wp\/v2\/posts\/273\/revisions"}],"predecessor-version":[{"id":278,"href":"https:\/\/nordis.ch\/index.php?rest_route=\/wp\/v2\/posts\/273\/revisions\/278"}],"wp:attachment":[{"href":"https:\/\/nordis.ch\/index.php?rest_route=%2Fwp%2Fv2%2Fmedia&parent=273"}],"wp:term":[{"taxonomy":"category","embeddable":true,"href":"https:\/\/nordis.ch\/index.php?rest_route=%2Fwp%2Fv2%2Fcategories&post=273"},{"taxonomy":"post_tag","embeddable":true,"href":"https:\/\/nordis.ch\/index.php?rest_route=%2Fwp%2Fv2%2Ftags&post=273"}],"curies":[{"name":"wp","href":"https:\/\/api.w.org\/{rel}","templated":true}]}}