{"id":293,"date":"2015-03-12T23:41:37","date_gmt":"2015-03-12T22:41:37","guid":{"rendered":"http:\/\/nordis.ch\/?p=293"},"modified":"2015-03-20T09:25:20","modified_gmt":"2015-03-20T08:25:20","slug":"verliert-schnell-den-ueberblick-v-a-wenn-es-mal-hektisch-wird","status":"publish","type":"post","link":"https:\/\/nordis.ch\/?p=293","title":{"rendered":"#Verliert schnell den \u00dcberblick, v.a. wenn es mal hektisch wird&#8230;"},"content":{"rendered":"<p>das liest keiner gerne, v.a. wenn man auch noch Senator ist und seine Polizei in Schutz nehmen muss, weil die im Rahmen des Terroralarms leider ein ausl\u00e4ndisches Nummernschild nicht korrekt las resp. ein \u00e4hnlich lautendes Nummernschild meinte zu lesen, das zur Fahndung ausgeschrieben war und dessen Insassen h\u00f6chst gef\u00e4hrlich seien sollten.<br \/>\nEs traf eine Familie aus Bremerhaven in einem Fahrzeug mit franz\u00f6sischem Kennzeichen. Insgesamt sechs Personen mussten mehrere Stunden auf einem Bremer Polizeiposten zubringen, ohne einen Anwalt anrufen zu d\u00fcrfen und mit dem Gef\u00fchl, wer ganz B\u00f6ses zu sein. Sie reichten gem\u00e4ss <a title=\"Radio Bremen\" href=\"http:\/\/www.radiobremen.de\/politik\/nachrichten\/maeurer-zu-terrorwarnung100.html\" target=\"_blank\" class=\"broken_link\">Radio Bremen <\/a>Dienstaufsichtsbeschwerde ein. Die sechs Insassen des Mercedes-Vans mit FRA-Kennzeichen waren unschuldig und offenbar Opfer eines Versehens. Aber es waren Syrer. Die in Bremerhaven leben.<br \/>\nErst am Donnerstag rang sich Innensenator M\u00e4urer\/SPD dann doch noch zu einer Entschuldigung durch; nachdem er am Mittwoch noch herumlavierte. Da vertrat er offensiv noch die Meinung, das Auto sei zur Fahndung ausgeschrieben, inkl. &#8222;dem Zusatz der Staatsgef\u00e4hrdung&#8220;. Was offensichtlich nicht der Fall war. Warum M\u00e4urer offensichtlich Falsches sagte, bleibt offen. Dabei war der heute von ihm zur Verteidigung zitierte &#8222;Zahlendreher&#8220; bei der Weiterleitung der Nummernschilder bereits \u00fcber eine Woche bekannt. Trotzdem meint er auch heute noch, sei die \u00dcberpr\u00fcfung der Personen alternativlos gesesen. Der gute Mann ist wohl beim grossen Gerd S aus H. in die Schule gegangen. Oder s\u00e4gt da jemand an dessen Stuhl?<br \/>\nDu bist Syrer, hast ein Auto mit franz\u00f6sischem Kennzeichen? Da bleib man besser zu Haus&#8216;, oder?<\/p>\n<p>Weil es um unsere Werte geht, zitieren wir heute mal aus Goethes Faust:<br \/>\n&#8222;Wer Gutes tun will, der sei erst gut!&#8220;<\/p>\n","protected":false},"excerpt":{"rendered":"<p>das liest keiner gerne, v.a. wenn man auch noch Senator ist und seine Polizei in Schutz nehmen muss, weil die im Rahmen des Terroralarms leider ein ausl\u00e4ndisches Nummernschild nicht korrekt las resp. ein \u00e4hnlich lautendes Nummernschild meinte zu lesen, das zur Fahndung ausgeschrieben war und dessen Insassen h\u00f6chst gef\u00e4hrlich seien sollten. Es traf eine Familie [&#8230;]<\/p>\n","protected":false},"author":1,"featured_media":0,"comment_status":"open","ping_status":"open","sticky":false,"template":"","format":"standard","meta":{"ngg_post_thumbnail":0,"_jetpack_memberships_contains_paid_content":false,"footnotes":"","jetpack_publicize_message":"","jetpack_publicize_feature_enabled":true,"jetpack_social_post_already_shared":false,"jetpack_social_options":{"image_generator_settings":{"template":"highway","default_image_id":0,"font":"","enabled":false},"version":2}},"categories":[16,11,14,20],"tags":[],"class_list":["post-293","post","type-post","status-publish","format-standard","hentry","category-abendland","category-bremen","category-medien","category-warnung"],"jetpack_publicize_connections":[],"jetpack_featured_media_url":"","jetpack_sharing_enabled":true,"jetpack_shortlink":"https:\/\/wp.me\/p7kVSe-4J","jetpack-related-posts":[],"_links":{"self":[{"href":"https:\/\/nordis.ch\/index.php?rest_route=\/wp\/v2\/posts\/293","targetHints":{"allow":["GET"]}}],"collection":[{"href":"https:\/\/nordis.ch\/index.php?rest_route=\/wp\/v2\/posts"}],"about":[{"href":"https:\/\/nordis.ch\/index.php?rest_route=\/wp\/v2\/types\/post"}],"author":[{"embeddable":true,"href":"https:\/\/nordis.ch\/index.php?rest_route=\/wp\/v2\/users\/1"}],"replies":[{"embeddable":true,"href":"https:\/\/nordis.ch\/index.php?rest_route=%2Fwp%2Fv2%2Fcomments&post=293"}],"version-history":[{"count":1,"href":"https:\/\/nordis.ch\/index.php?rest_route=\/wp\/v2\/posts\/293\/revisions"}],"predecessor-version":[{"id":294,"href":"https:\/\/nordis.ch\/index.php?rest_route=\/wp\/v2\/posts\/293\/revisions\/294"}],"wp:attachment":[{"href":"https:\/\/nordis.ch\/index.php?rest_route=%2Fwp%2Fv2%2Fmedia&parent=293"}],"wp:term":[{"taxonomy":"category","embeddable":true,"href":"https:\/\/nordis.ch\/index.php?rest_route=%2Fwp%2Fv2%2Fcategories&post=293"},{"taxonomy":"post_tag","embeddable":true,"href":"https:\/\/nordis.ch\/index.php?rest_route=%2Fwp%2Fv2%2Ftags&post=293"}],"curies":[{"name":"wp","href":"https:\/\/api.w.org\/{rel}","templated":true}]}}