{"id":309,"date":"2015-03-20T09:52:04","date_gmt":"2015-03-20T08:52:04","guid":{"rendered":"http:\/\/nordis.ch\/?p=309"},"modified":"2015-03-20T09:53:47","modified_gmt":"2015-03-20T08:53:47","slug":"sonnenfinsternis-in-bremen","status":"publish","type":"post","link":"https:\/\/nordis.ch\/?p=309","title":{"rendered":"#Sonnenfinsternis in Bremen"},"content":{"rendered":"<p>So, jetzt gehts los. Ich glaub&#8216;, ich seh&#8216; schon was:<br \/>\n<a href=\"https:\/\/i0.wp.com\/nordis.ch\/wp-content\/uploads\/IMG_20150320_092231.jpg\"><img data-recalc-dims=\"1\" loading=\"lazy\" decoding=\"async\" data-attachment-id=\"310\" data-permalink=\"https:\/\/nordis.ch\/?attachment_id=310\" data-orig-file=\"https:\/\/i0.wp.com\/nordis.ch\/wp-content\/uploads\/IMG_20150320_092231.jpg?fit=3200%2C2368&amp;ssl=1\" data-orig-size=\"3200,2368\" data-comments-opened=\"1\" data-image-meta=\"{&quot;aperture&quot;:&quot;2.4&quot;,&quot;credit&quot;:&quot;&quot;,&quot;camera&quot;:&quot;Nexus 5&quot;,&quot;caption&quot;:&quot;&quot;,&quot;created_timestamp&quot;:&quot;1426843354&quot;,&quot;copyright&quot;:&quot;&quot;,&quot;focal_length&quot;:&quot;3.97&quot;,&quot;iso&quot;:&quot;100&quot;,&quot;shutter_speed&quot;:&quot;0.002103&quot;,&quot;title&quot;:&quot;&quot;,&quot;orientation&quot;:&quot;1&quot;}\" data-image-title=\"IMG_20150320_092231\" data-image-description=\"\" data-image-caption=\"\" data-medium-file=\"https:\/\/i0.wp.com\/nordis.ch\/wp-content\/uploads\/IMG_20150320_092231.jpg?fit=300%2C222&amp;ssl=1\" data-large-file=\"https:\/\/i0.wp.com\/nordis.ch\/wp-content\/uploads\/IMG_20150320_092231.jpg?fit=750%2C555&amp;ssl=1\" class=\"alignleft size-full wp-image-310\" src=\"https:\/\/i0.wp.com\/nordis.ch\/wp-content\/uploads\/IMG_20150320_092231.jpg?resize=750%2C555\" alt=\"IMG_20150320_092231\" width=\"750\" height=\"555\" srcset=\"https:\/\/i0.wp.com\/nordis.ch\/wp-content\/uploads\/IMG_20150320_092231.jpg?w=3200&amp;ssl=1 3200w, https:\/\/i0.wp.com\/nordis.ch\/wp-content\/uploads\/IMG_20150320_092231.jpg?resize=300%2C222&amp;ssl=1 300w, https:\/\/i0.wp.com\/nordis.ch\/wp-content\/uploads\/IMG_20150320_092231.jpg?resize=1024%2C758&amp;ssl=1 1024w, https:\/\/i0.wp.com\/nordis.ch\/wp-content\/uploads\/IMG_20150320_092231.jpg?w=1500 1500w, https:\/\/i0.wp.com\/nordis.ch\/wp-content\/uploads\/IMG_20150320_092231.jpg?w=2250 2250w\" sizes=\"auto, (max-width: 750px) 100vw, 750px\" \/><\/a><br \/>\nDie Schulkinder werden w\u00e4hrend der Sonnenfinsternis eingesperrt, damit sie nicht in die Sonne gucken. Vielleicht h\u00e4tte man ja auch den Wissensdrang und die nat\u00fcrliche Neugier der Kinder aufgreifen k\u00f6nnen und mit ihnen im Vorfeld eine &#8222;<a href=\"http:\/\/de.wikipedia.org\/wiki\/Camera_obscura\" title=\"Wikipedia Camera Obscura\" target=\"_blank\">Camera Obscura<\/a>&#8220; bauen k\u00f6nnen, um die Sonnenfinsternisbeobachten heute dann zur besten Schulzeit beobachten zu k\u00f6nnen&#8230;<\/p>\n","protected":false},"excerpt":{"rendered":"<p>So, jetzt gehts los. Ich glaub&#8216;, ich seh&#8216; schon was: Die Schulkinder werden w\u00e4hrend der Sonnenfinsternis eingesperrt, damit sie nicht in die Sonne gucken. Vielleicht h\u00e4tte man ja auch den Wissensdrang und die nat\u00fcrliche Neugier der Kinder aufgreifen k\u00f6nnen und mit ihnen im Vorfeld eine &#8222;Camera Obscura&#8220; bauen k\u00f6nnen, um die Sonnenfinsternisbeobachten heute dann zur [&#8230;]<\/p>\n","protected":false},"author":1,"featured_media":0,"comment_status":"open","ping_status":"open","sticky":false,"template":"","format":"standard","meta":{"ngg_post_thumbnail":0,"_jetpack_memberships_contains_paid_content":false,"footnotes":"","jetpack_publicize_message":"","jetpack_publicize_feature_enabled":true,"jetpack_social_post_already_shared":false,"jetpack_social_options":{"image_generator_settings":{"template":"highway","default_image_id":0,"font":"","enabled":false},"version":2}},"categories":[22,11,3,7,14],"tags":[],"class_list":["post-309","post","type-post","status-publish","format-standard","hentry","category-bildung","category-bremen","category-im-norden","category-leben-und-arbeiten","category-medien"],"jetpack_publicize_connections":[],"jetpack_featured_media_url":"","jetpack_sharing_enabled":true,"jetpack_shortlink":"https:\/\/wp.me\/p7kVSe-4Z","jetpack-related-posts":[],"_links":{"self":[{"href":"https:\/\/nordis.ch\/index.php?rest_route=\/wp\/v2\/posts\/309","targetHints":{"allow":["GET"]}}],"collection":[{"href":"https:\/\/nordis.ch\/index.php?rest_route=\/wp\/v2\/posts"}],"about":[{"href":"https:\/\/nordis.ch\/index.php?rest_route=\/wp\/v2\/types\/post"}],"author":[{"embeddable":true,"href":"https:\/\/nordis.ch\/index.php?rest_route=\/wp\/v2\/users\/1"}],"replies":[{"embeddable":true,"href":"https:\/\/nordis.ch\/index.php?rest_route=%2Fwp%2Fv2%2Fcomments&post=309"}],"version-history":[{"count":3,"href":"https:\/\/nordis.ch\/index.php?rest_route=\/wp\/v2\/posts\/309\/revisions"}],"predecessor-version":[{"id":313,"href":"https:\/\/nordis.ch\/index.php?rest_route=\/wp\/v2\/posts\/309\/revisions\/313"}],"wp:attachment":[{"href":"https:\/\/nordis.ch\/index.php?rest_route=%2Fwp%2Fv2%2Fmedia&parent=309"}],"wp:term":[{"taxonomy":"category","embeddable":true,"href":"https:\/\/nordis.ch\/index.php?rest_route=%2Fwp%2Fv2%2Fcategories&post=309"},{"taxonomy":"post_tag","embeddable":true,"href":"https:\/\/nordis.ch\/index.php?rest_route=%2Fwp%2Fv2%2Ftags&post=309"}],"curies":[{"name":"wp","href":"https:\/\/api.w.org\/{rel}","templated":true}]}}