{"id":360,"date":"2015-04-25T20:17:29","date_gmt":"2015-04-25T19:17:29","guid":{"rendered":"http:\/\/nordis.ch\/?p=360"},"modified":"2015-04-25T21:38:53","modified_gmt":"2015-04-25T20:38:53","slug":"furchtistgreifbareralsangst","status":"publish","type":"post","link":"https:\/\/nordis.ch\/?p=360","title":{"rendered":"#FurchtIstGreifbarerAlsAngst"},"content":{"rendered":"<p>Im Tagesanzeiger\/Z\u00fcrich erschien gestern ein bemerkenswertes Essay von Jonas L\u00fcscher \u00fcber Politik und Populisten, den Unterschied zwischen \u00c4ngsten und Furcht und warum die Politiker Furcht sehrwohl ernst nehmen sollten, die \u00c4ngste des Volkes aber eben nicht. Denn wer dem Volk die \u00c4ngste pauschal abnimmt, nimmt ihnen auch die Pflicht zur Empathie ab und entm\u00fcndigt die B\u00fcrger. Nur wer \u00c4ngste konkret vorbringen und belegen muss, der setzt sich damit auch wirklich auseinander. Und erst dann k\u00f6nnen \u00c4ngste wie z.B. vor \u00dcberfremdung als das entlarvt werden, was sie sind, n\u00e4mlich z.B. Xenophobie, also Angst vor dem Fremden an sich.<br \/>\n<a href=\"http:\/\/mobile2.tagesanzeiger.ch\/articles\/23947300\" target=\"_blank\">Aber lest selber:<\/a><\/p>\n","protected":false},"excerpt":{"rendered":"<p>Im Tagesanzeiger\/Z\u00fcrich erschien gestern ein bemerkenswertes Essay von Jonas L\u00fcscher \u00fcber Politik und Populisten, den Unterschied zwischen \u00c4ngsten und Furcht und warum die Politiker Furcht sehrwohl ernst nehmen sollten, die \u00c4ngste des Volkes aber eben nicht. Denn wer dem Volk die \u00c4ngste pauschal abnimmt, nimmt ihnen auch die Pflicht zur Empathie ab und entm\u00fcndigt die [&#8230;]<\/p>\n","protected":false},"author":1,"featured_media":0,"comment_status":"open","ping_status":"open","sticky":false,"template":"","format":"standard","meta":{"ngg_post_thumbnail":0,"_jetpack_memberships_contains_paid_content":false,"footnotes":"","jetpack_publicize_message":"","jetpack_publicize_feature_enabled":true,"jetpack_social_post_already_shared":false,"jetpack_social_options":{"image_generator_settings":{"template":"highway","default_image_id":0,"font":"","enabled":false},"version":2}},"categories":[16,22,13,7,14,17,20,8],"tags":[],"class_list":["post-360","post","type-post","status-publish","format-standard","hentry","category-abendland","category-bildung","category-culture","category-leben-und-arbeiten","category-medien","category-morgenland","category-warnung","category-wtf"],"jetpack_publicize_connections":[],"jetpack_featured_media_url":"","jetpack_sharing_enabled":true,"jetpack_shortlink":"https:\/\/wp.me\/p7kVSe-5O","jetpack-related-posts":[],"_links":{"self":[{"href":"https:\/\/nordis.ch\/index.php?rest_route=\/wp\/v2\/posts\/360","targetHints":{"allow":["GET"]}}],"collection":[{"href":"https:\/\/nordis.ch\/index.php?rest_route=\/wp\/v2\/posts"}],"about":[{"href":"https:\/\/nordis.ch\/index.php?rest_route=\/wp\/v2\/types\/post"}],"author":[{"embeddable":true,"href":"https:\/\/nordis.ch\/index.php?rest_route=\/wp\/v2\/users\/1"}],"replies":[{"embeddable":true,"href":"https:\/\/nordis.ch\/index.php?rest_route=%2Fwp%2Fv2%2Fcomments&post=360"}],"version-history":[{"count":6,"href":"https:\/\/nordis.ch\/index.php?rest_route=\/wp\/v2\/posts\/360\/revisions"}],"predecessor-version":[{"id":366,"href":"https:\/\/nordis.ch\/index.php?rest_route=\/wp\/v2\/posts\/360\/revisions\/366"}],"wp:attachment":[{"href":"https:\/\/nordis.ch\/index.php?rest_route=%2Fwp%2Fv2%2Fmedia&parent=360"}],"wp:term":[{"taxonomy":"category","embeddable":true,"href":"https:\/\/nordis.ch\/index.php?rest_route=%2Fwp%2Fv2%2Fcategories&post=360"},{"taxonomy":"post_tag","embeddable":true,"href":"https:\/\/nordis.ch\/index.php?rest_route=%2Fwp%2Fv2%2Ftags&post=360"}],"curies":[{"name":"wp","href":"https:\/\/api.w.org\/{rel}","templated":true}]}}