{"id":369,"date":"2015-04-25T23:25:30","date_gmt":"2015-04-25T22:25:30","guid":{"rendered":"http:\/\/nordis.ch\/?p=369"},"modified":"2015-04-27T10:19:49","modified_gmt":"2015-04-27T09:19:49","slug":"janboehmermannbremer","status":"publish","type":"post","link":"https:\/\/nordis.ch\/?p=369","title":{"rendered":"#JanB\u00f6hmermannBremerOneShot"},"content":{"rendered":"<h1 class=\"yt watch-title-container\"><span id=\"eow-title\" class=\"watch-title  h6\" dir=\"ltr\" title=\"Die Anschl\u00e4ge von Paris &amp; Satire: Jan B\u00f6hmermann im Interview bei Visa Vie (zqnce)\"><span class=\"alignleft\">Die Anschl\u00e4ge von Paris &amp; Satire: Jan B\u00f6hmermann im Interview bei Visa Vie:<\/span> <\/span><\/h1>\n<p><a href=\"https:\/\/i0.wp.com\/nordis.ch\/wp-content\/uploads\/JanBzqnce.jpg\"><img data-recalc-dims=\"1\" loading=\"lazy\" decoding=\"async\" data-attachment-id=\"371\" data-permalink=\"https:\/\/nordis.ch\/?attachment_id=371\" data-orig-file=\"https:\/\/i0.wp.com\/nordis.ch\/wp-content\/uploads\/JanBzqnce.jpg?fit=511%2C341&amp;ssl=1\" data-orig-size=\"511,341\" data-comments-opened=\"1\" data-image-meta=\"{&quot;aperture&quot;:&quot;0&quot;,&quot;credit&quot;:&quot;&quot;,&quot;camera&quot;:&quot;&quot;,&quot;caption&quot;:&quot;&quot;,&quot;created_timestamp&quot;:&quot;0&quot;,&quot;copyright&quot;:&quot;&quot;,&quot;focal_length&quot;:&quot;0&quot;,&quot;iso&quot;:&quot;0&quot;,&quot;shutter_speed&quot;:&quot;0&quot;,&quot;title&quot;:&quot;&quot;,&quot;orientation&quot;:&quot;0&quot;}\" data-image-title=\"JanBzqnce\" data-image-description=\"\" data-image-caption=\"\" data-medium-file=\"https:\/\/i0.wp.com\/nordis.ch\/wp-content\/uploads\/JanBzqnce.jpg?fit=300%2C200&amp;ssl=1\" data-large-file=\"https:\/\/i0.wp.com\/nordis.ch\/wp-content\/uploads\/JanBzqnce.jpg?fit=511%2C341&amp;ssl=1\" class=\"alignleft size-full wp-image-371\" src=\"https:\/\/i0.wp.com\/nordis.ch\/wp-content\/uploads\/JanBzqnce.jpg?resize=511%2C341\" alt=\"JanBzqnce\" width=\"511\" height=\"341\" srcset=\"https:\/\/i0.wp.com\/nordis.ch\/wp-content\/uploads\/JanBzqnce.jpg?w=511&amp;ssl=1 511w, https:\/\/i0.wp.com\/nordis.ch\/wp-content\/uploads\/JanBzqnce.jpg?resize=300%2C200&amp;ssl=1 300w\" sizes=\"auto, (max-width: 511px) 100vw, 511px\" \/><\/a><br \/>\nJan B\u00f6hmermann ist eine zierliche Pflanze, die es zu hegen und pflegen gilt. Z.B. gab er anfangs Jahr ein <a href=\"https:\/\/www.youtube.com\/watch?v=msjTW75ogww\" target=\"_blank\">Interview<\/a> zum Thema dies und das, u.a. ging es um die Anschl\u00e4ge in Paris und so weiter. Er war wieder mal in H\u00f6chstform und zirkelte in einem St\u00fcck davon: &#8222;Ich bin Bremer und Bremen ist ein sozialdemokratisches Land und &#8230; ich w\u00fcrd&#8216; sagen, das ist ein Versagen der Sozialarbeiter. Wenn zwei Leute, die so alt sind wie ich, sich so abgeh\u00e4ngt f\u00fchlen von der Gesellschaft, obwohl sie in Frankreich geboren wurden, und sich so wenig als Teil einer Gesellschaft, die ja alles zul\u00e4sst, die Religionsfreiheit gew\u00e4hrt und freie Rede&#8230; und die M\u00f6glichkeit zur freien Entfaltung&#8230; Wenn eine Gesellschaft Leute produziert, die sich so abgeh\u00e4ngt f\u00fchlen, das sie derartige Dinge begehen mit einer derartigen Kaltbl\u00fctigkeit, dann ist das in erster Linie kein Anschlag auf die Pressefreiheit, sondern ein Anschlag auf die ganze Gesellschaft.&#8220;<\/p>\n<p>Danach erkl\u00e4rt er, dass er Religion ablehnt, ich \u00fcbrigens auch. Egal, dass die Leute glauben, kann man ihnen nicht nehmen. Islam, Christentum oder Judentum zu kritisieren ist ihm zu platt, er, B\u00f6hmermann konzentriere sich auf Ph\u00e4nomene: &#8222;Das Leute, die alle ArGe-Seminare ((heissen die so?)) durchgemacht haben, und keine Chancen aufm deutschen Arbeitsmarkt haben sich einfach ne Kalaschnikow schnappen und nach Syrien gehen. Ob man z.B. die Reisekosten evtl. vom Staat bezahlen lassen kann?&#8230;&#8220;<\/p>\n","protected":false},"excerpt":{"rendered":"<p>Die Anschl\u00e4ge von Paris &amp; Satire: Jan B\u00f6hmermann im Interview bei Visa Vie: Jan B\u00f6hmermann ist eine zierliche Pflanze, die es zu hegen und pflegen gilt. Z.B. gab er anfangs Jahr ein Interview zum Thema dies und das, u.a. ging es um die Anschl\u00e4ge in Paris und so weiter. Er war wieder mal in H\u00f6chstform [&#8230;]<\/p>\n","protected":false},"author":1,"featured_media":0,"comment_status":"open","ping_status":"open","sticky":false,"template":"","format":"standard","meta":{"ngg_post_thumbnail":0,"_jetpack_memberships_contains_paid_content":false,"footnotes":"","jetpack_publicize_message":"","jetpack_publicize_feature_enabled":true,"jetpack_social_post_already_shared":false,"jetpack_social_options":{"image_generator_settings":{"template":"highway","default_image_id":0,"font":"","enabled":false},"version":2}},"categories":[22,11,7,14,8],"tags":[],"class_list":["post-369","post","type-post","status-publish","format-standard","hentry","category-bildung","category-bremen","category-leben-und-arbeiten","category-medien","category-wtf"],"jetpack_publicize_connections":[],"jetpack_featured_media_url":"","jetpack_sharing_enabled":true,"jetpack_shortlink":"https:\/\/wp.me\/p7kVSe-5X","jetpack-related-posts":[],"_links":{"self":[{"href":"https:\/\/nordis.ch\/index.php?rest_route=\/wp\/v2\/posts\/369","targetHints":{"allow":["GET"]}}],"collection":[{"href":"https:\/\/nordis.ch\/index.php?rest_route=\/wp\/v2\/posts"}],"about":[{"href":"https:\/\/nordis.ch\/index.php?rest_route=\/wp\/v2\/types\/post"}],"author":[{"embeddable":true,"href":"https:\/\/nordis.ch\/index.php?rest_route=\/wp\/v2\/users\/1"}],"replies":[{"embeddable":true,"href":"https:\/\/nordis.ch\/index.php?rest_route=%2Fwp%2Fv2%2Fcomments&post=369"}],"version-history":[{"count":7,"href":"https:\/\/nordis.ch\/index.php?rest_route=\/wp\/v2\/posts\/369\/revisions"}],"predecessor-version":[{"id":381,"href":"https:\/\/nordis.ch\/index.php?rest_route=\/wp\/v2\/posts\/369\/revisions\/381"}],"wp:attachment":[{"href":"https:\/\/nordis.ch\/index.php?rest_route=%2Fwp%2Fv2%2Fmedia&parent=369"}],"wp:term":[{"taxonomy":"category","embeddable":true,"href":"https:\/\/nordis.ch\/index.php?rest_route=%2Fwp%2Fv2%2Fcategories&post=369"},{"taxonomy":"post_tag","embeddable":true,"href":"https:\/\/nordis.ch\/index.php?rest_route=%2Fwp%2Fv2%2Ftags&post=369"}],"curies":[{"name":"wp","href":"https:\/\/api.w.org\/{rel}","templated":true}]}}