{"id":410,"date":"2015-05-08T21:52:31","date_gmt":"2015-05-08T20:52:31","guid":{"rendered":"http:\/\/nordis.ch\/?p=410"},"modified":"2015-05-09T00:11:22","modified_gmt":"2015-05-08T23:11:22","slug":"wtf-brabecknestleeintourette-erkrankter","status":"publish","type":"post","link":"https:\/\/nordis.ch\/?p=410","title":{"rendered":"#WTF-Brabeck\/Nestl\u00e8EinTourette-Erkrankter?"},"content":{"rendered":"<p>Nestl\u00e9-Chef Brabeck gab ja im letzten Jahr R\u00e4tsel auf, weil er mit einem tiefroten Auge vor die Presse trat. Mittlerweile heisst es, er habe Krebs gehabt und diesen besiegt. Ist es eine Nebenwirkung der Medis oder gar eine Tourette-Erkrankung, die ihn pl\u00f6tzlich offen sprechen l\u00e4sst?<br \/>\n<iframe loading=\"lazy\" src=\"https:\/\/www.youtube.com\/embed\/wzlzV7VaqCs\" width=\"420\" height=\"315\" frameborder=\"0\" allowfullscreen=\"allowfullscreen\"><\/iframe><br \/>\nJedenfalls l\u00e4sst er die Maske fallen. Mehr zum Thema:<br \/>\n<iframe loading=\"lazy\" src=\"https:\/\/www.youtube.com\/embed\/vp5dUdHPuxA\" width=\"420\" height=\"315\" frameborder=\"0\" allowfullscreen=\"allowfullscreen\"><\/iframe><br \/>\nund <a href=\"http:\/\/netzfrauen.org\/2015\/03\/22\/nestle-erwirbt-wassernutzungsrechte-und-laesst-fabriken-bewachen-und-einzaeunen\/\" target=\"_blank\">hier.<\/a><br \/>\nBy the way, auch Bremen hat gewisse <a href=\"http:\/\/www.weser-kurier.de\/bremen\/bremen-stadtreport_artikel,-Trinkwasserforscher-Weserwasser-nicht-geeignet-_arid,1104535.html\" target=\"_blank\">Probleme mit Wasser<\/a>, denn Verden, wo Bremen das Grundwasser abpumpt, \u00fcberlegt, k\u00fcnftig Bremen nicht mehr unendlich mit Wasser zu versorgen, so dass HB gezwungen w\u00e4re, neue Quellen, wie etwa das Weserwasser anzuzapfen.<\/p>\n<p>Das kostet aber deutlich mehr als bisher. J\u00e4hrlich fliessen 9 Millionen Kubikmeter Wasser, das sind etwa 90 Mio Badewannenf\u00fcllungen, von Verden nach Bremen. Verden f\u00fchrt an, dass durch die langj\u00e4hrige Abpumperei der Grundwasserpegel im Holtumer Moor um bis zu 9m gesunken sei und in der Folge kleine Gew\u00e4sser trocken gefallen seien und die Halse kaum noch Wasser f\u00fchre.<br \/>\nLesen Sie demn\u00e4chst: Wer sackt sich eigentlich den Mehrwert ein, den Bremen durch die billige Grundwasserabpumperei einstreicht, weil das Wasser zu bundesweiten <a href=\"https:\/\/www.destatis.de\/DE\/PresseService\/Presse\/Pressemitteilungen\/2014\/03\/PD14_110_322.html\" target=\"_blank\">Top-Preisen <\/a>von 1,98 EUR\/Kubikmeter (Bundesdurchschnitt 2013: 1,69 EUR, Niedersachsen: 1,16 EUR) verkauft wird? Sind das Mondpreise? Wieso ist das Wasser in HB so teuer wie an den Orten, an denen die Trinkwasserproduktion deutlich teurer ist? Oder wird das \u00fcbersch\u00fcssige Geld investiert oder wom\u00f6glich zur\u00fcckgelegt, um f\u00fcr neue Entwicklungen bereit zu sein? Was den verantwortungsvollen Umgang mit den Sch\u00e4tzen dieser Erde angeht, zumindest aus finanzieller Sicht, ist Norwegen mit seinem <a href=\"http:\/\/de.wikipedia.org\/wiki\/Staatlicher_Pensionsfonds_%28Norwegen%29\" target=\"_blank\">Staatsfonds<\/a> erw\u00e4hnenswert. Norwegen ist die globale Nummer 14 unter den \u00d6lf\u00f6rdernationen und hat im Staatsfonds mittlerweile \u00fcber 780 Mrd EUR f\u00fcr die Zukunft ohne \u00d6l angeh\u00e4uft. OK, das ist &#8217;ne andere Abteilung, aber das Prinzip stimmt. Wenn Bremen also 9 Mio Kubikmeter\/p.a. importiert, die dann zu rund 18 Mio EUR verkauft, dann darf man fragen, wie teuer sind Produktion\/Unterhalt, was bekommt Verden, etcetatatata. Und was passiert mit einem \u00dcberschuss?<\/p>\n<p>Wasserexperte Kamer <a href=\"http:\/\/www.weser-kurier.de\/bremen\/bremen-stadtreport_artikel,-Trinkwasserforscher-Weserwasser-nicht-geeignet-_arid,1104535.html\" target=\"_blank\">erkl\u00e4rt<\/a>, dass in Ballungszentren wie Rhein\/Ruhr, Berlin oder K\u00f6ln die Wasserproduktion deutlich teurer sei, \u00e4hnliche Produktionsmethoden aber auch f\u00fcr HB m\u00f6glich w\u00e4ren:<\/p>\n<p>&#8222;Wir h\u00e4tten hier aber erheblich h\u00f6here Aufw\u00e4nde verglichen mit dem jetzigen Zustand. Denken Sie allein an die aufwendigere Aufbereitung des Weserwassers gegen\u00fcber Grundwasser. Die noch hohen Salzkonzentrationen in der Weser werden hier Verfahren erforderlich machen, die f\u00fcr die Grundwasseraufbereitung nicht n\u00f6tig sind. Au\u00dferdem wird eine Desinfektion des Trinkwassers erforderlich werden.&#8220;<\/p>\n<p>Das kl\u00e4ren wir dann ab. Vielleicht erkl\u00e4ren sich die im Vergleich zu Niedersachsen fast doppelt so hohen Preise, weil die wesernetz GmbH das Wasser einfach bei Nestl\u00e9 einkauft?<\/p>\n<p>&nbsp;<\/p>\n<p>&nbsp;<\/p>\n<p>&nbsp;<\/p>\n","protected":false},"excerpt":{"rendered":"<p>Nestl\u00e9-Chef Brabeck gab ja im letzten Jahr R\u00e4tsel auf, weil er mit einem tiefroten Auge vor die Presse trat. Mittlerweile heisst es, er habe Krebs gehabt und diesen besiegt. Ist es eine Nebenwirkung der Medis oder gar eine Tourette-Erkrankung, die ihn pl\u00f6tzlich offen sprechen l\u00e4sst? Jedenfalls l\u00e4sst er die Maske fallen. Mehr zum Thema: und [&#8230;]<\/p>\n","protected":false},"author":1,"featured_media":0,"comment_status":"closed","ping_status":"open","sticky":false,"template":"","format":"standard","meta":{"ngg_post_thumbnail":0,"_jetpack_memberships_contains_paid_content":false,"footnotes":"","jetpack_publicize_message":"","jetpack_publicize_feature_enabled":true,"jetpack_social_post_already_shared":false,"jetpack_social_options":{"image_generator_settings":{"template":"highway","default_image_id":0,"font":"","enabled":false},"version":2}},"categories":[12,8],"tags":[],"class_list":["post-410","post","type-post","status-publish","format-standard","hentry","category-wirtschaft","category-wtf"],"jetpack_publicize_connections":[],"jetpack_featured_media_url":"","jetpack_sharing_enabled":true,"jetpack_shortlink":"https:\/\/wp.me\/p7kVSe-6C","jetpack-related-posts":[],"_links":{"self":[{"href":"https:\/\/nordis.ch\/index.php?rest_route=\/wp\/v2\/posts\/410","targetHints":{"allow":["GET"]}}],"collection":[{"href":"https:\/\/nordis.ch\/index.php?rest_route=\/wp\/v2\/posts"}],"about":[{"href":"https:\/\/nordis.ch\/index.php?rest_route=\/wp\/v2\/types\/post"}],"author":[{"embeddable":true,"href":"https:\/\/nordis.ch\/index.php?rest_route=\/wp\/v2\/users\/1"}],"replies":[{"embeddable":true,"href":"https:\/\/nordis.ch\/index.php?rest_route=%2Fwp%2Fv2%2Fcomments&post=410"}],"version-history":[{"count":14,"href":"https:\/\/nordis.ch\/index.php?rest_route=\/wp\/v2\/posts\/410\/revisions"}],"predecessor-version":[{"id":412,"href":"https:\/\/nordis.ch\/index.php?rest_route=\/wp\/v2\/posts\/410\/revisions\/412"}],"wp:attachment":[{"href":"https:\/\/nordis.ch\/index.php?rest_route=%2Fwp%2Fv2%2Fmedia&parent=410"}],"wp:term":[{"taxonomy":"category","embeddable":true,"href":"https:\/\/nordis.ch\/index.php?rest_route=%2Fwp%2Fv2%2Fcategories&post=410"},{"taxonomy":"post_tag","embeddable":true,"href":"https:\/\/nordis.ch\/index.php?rest_route=%2Fwp%2Fv2%2Ftags&post=410"}],"curies":[{"name":"wp","href":"https:\/\/api.w.org\/{rel}","templated":true}]}}