{"id":434,"date":"2015-05-15T22:02:36","date_gmt":"2015-05-15T21:02:36","guid":{"rendered":"http:\/\/nordis.ch\/?p=434"},"modified":"2015-06-15T16:49:31","modified_gmt":"2015-06-15T15:49:31","slug":"metronome","status":"publish","type":"post","link":"https:\/\/nordis.ch\/?p=434","title":{"rendered":"#MetronomVerkehrt"},"content":{"rendered":"<p>Verehrter Metronom: &#8222;N\u00e4chster Halt Sagehorn&#8220;, oder auch &#8222;Spr\u00f6tze&#8220;, kann ich ja noch gut nehmen, kenne und liebe ich doch die Eigenheiten der norddeutschen Feldnamen. Was ich aber so gar nicht mag, ist der anschliessende Text: &#8222;Verehrte Fahrg\u00e4ste. Der Ausstieg ist in Fahrtrichtung rechts\/links&#8220;.<\/p>\n<p>Was soll denn das? Wir kennen uns doch gar nicht! Oder weisst Du mehr \u00fcber mich als ich \u00fcber Dich, lieber Metronom? Warum solltest du mich also verehren? Mein Tipp: Lass es lieber sein. Du k\u00f6nntest es bereuen.<\/p>\n<p><a href=\"https:\/\/i0.wp.com\/nordis.ch\/wp-content\/uploads\/15.05.15-11.jpg\"><img data-recalc-dims=\"1\" loading=\"lazy\" decoding=\"async\" data-attachment-id=\"435\" data-permalink=\"https:\/\/nordis.ch\/?attachment_id=435\" data-orig-file=\"https:\/\/i0.wp.com\/nordis.ch\/wp-content\/uploads\/15.05.15-11.jpg?fit=426%2C320&amp;ssl=1\" data-orig-size=\"426,320\" data-comments-opened=\"0\" data-image-meta=\"{&quot;aperture&quot;:&quot;0&quot;,&quot;credit&quot;:&quot;&quot;,&quot;camera&quot;:&quot;&quot;,&quot;caption&quot;:&quot;&quot;,&quot;created_timestamp&quot;:&quot;0&quot;,&quot;copyright&quot;:&quot;&quot;,&quot;focal_length&quot;:&quot;0&quot;,&quot;iso&quot;:&quot;0&quot;,&quot;shutter_speed&quot;:&quot;0&quot;,&quot;title&quot;:&quot;&quot;,&quot;orientation&quot;:&quot;0&quot;}\" data-image-title=\"15.05.15 &#8211; 1\" data-image-description=\"\" data-image-caption=\"\" data-medium-file=\"https:\/\/i0.wp.com\/nordis.ch\/wp-content\/uploads\/15.05.15-11.jpg?fit=300%2C225&amp;ssl=1\" data-large-file=\"https:\/\/i0.wp.com\/nordis.ch\/wp-content\/uploads\/15.05.15-11.jpg?fit=426%2C320&amp;ssl=1\" class=\"alignleft size-full wp-image-435\" src=\"https:\/\/i0.wp.com\/nordis.ch\/wp-content\/uploads\/15.05.15-11.jpg?resize=426%2C320\" alt=\"15.05.15 - 1\" width=\"426\" height=\"320\" srcset=\"https:\/\/i0.wp.com\/nordis.ch\/wp-content\/uploads\/15.05.15-11.jpg?w=426&amp;ssl=1 426w, https:\/\/i0.wp.com\/nordis.ch\/wp-content\/uploads\/15.05.15-11.jpg?resize=300%2C225&amp;ssl=1 300w\" sizes=\"auto, (max-width: 426px) 100vw, 426px\" \/><\/a><\/p>\n<p>Wenn Du f\u00fcr sanfte Stimmung oder gar an das anst\u00e4ndige Benehmen deiner Fahrg\u00e4ste appelieren m\u00f6chtest, dann sag doch einfach sowas wie &#8222;Liebe Fahrg\u00e4ste&#8220; oder lass es einfach ganz sein mit der Ansprache. Es reicht doch vollkommen: &#8222;N\u00e4chster Halt: Spr\u00f6tze. Ausstieg rechts.&#8220; Oder von mir aus: &#8222;N\u00e4chster Halt: Bremen. Der Ausstieg ist in Fahrtrichtung links.&#8220; Damit lieferst du schon mehr Informationen, als manch&#8216; anderer Zugf\u00fchrer. Ooops: Ich muss&#8230;<\/p>\n","protected":false},"excerpt":{"rendered":"<p>Verehrter Metronom: &#8222;N\u00e4chster Halt Sagehorn&#8220;, oder auch &#8222;Spr\u00f6tze&#8220;, kann ich ja noch gut nehmen, kenne und liebe ich doch die Eigenheiten der norddeutschen Feldnamen. Was ich aber so gar nicht mag, ist der anschliessende Text: &#8222;Verehrte Fahrg\u00e4ste. Der Ausstieg ist in Fahrtrichtung rechts\/links&#8220;. Was soll denn das? Wir kennen uns doch gar nicht! Oder weisst [&#8230;]<\/p>\n","protected":false},"author":1,"featured_media":0,"comment_status":"closed","ping_status":"open","sticky":false,"template":"","format":"standard","meta":{"ngg_post_thumbnail":0,"_jetpack_memberships_contains_paid_content":false,"footnotes":"","jetpack_publicize_message":"","jetpack_publicize_feature_enabled":true,"jetpack_social_post_already_shared":false,"jetpack_social_options":{"image_generator_settings":{"template":"highway","default_image_id":0,"font":"","enabled":false},"version":2}},"categories":[11,3],"tags":[],"class_list":["post-434","post","type-post","status-publish","format-standard","hentry","category-bremen","category-im-norden"],"jetpack_publicize_connections":[],"jetpack_featured_media_url":"","jetpack_sharing_enabled":true,"jetpack_shortlink":"https:\/\/wp.me\/p7kVSe-70","jetpack-related-posts":[],"_links":{"self":[{"href":"https:\/\/nordis.ch\/index.php?rest_route=\/wp\/v2\/posts\/434","targetHints":{"allow":["GET"]}}],"collection":[{"href":"https:\/\/nordis.ch\/index.php?rest_route=\/wp\/v2\/posts"}],"about":[{"href":"https:\/\/nordis.ch\/index.php?rest_route=\/wp\/v2\/types\/post"}],"author":[{"embeddable":true,"href":"https:\/\/nordis.ch\/index.php?rest_route=\/wp\/v2\/users\/1"}],"replies":[{"embeddable":true,"href":"https:\/\/nordis.ch\/index.php?rest_route=%2Fwp%2Fv2%2Fcomments&post=434"}],"version-history":[{"count":17,"href":"https:\/\/nordis.ch\/index.php?rest_route=\/wp\/v2\/posts\/434\/revisions"}],"predecessor-version":[{"id":514,"href":"https:\/\/nordis.ch\/index.php?rest_route=\/wp\/v2\/posts\/434\/revisions\/514"}],"wp:attachment":[{"href":"https:\/\/nordis.ch\/index.php?rest_route=%2Fwp%2Fv2%2Fmedia&parent=434"}],"wp:term":[{"taxonomy":"category","embeddable":true,"href":"https:\/\/nordis.ch\/index.php?rest_route=%2Fwp%2Fv2%2Fcategories&post=434"},{"taxonomy":"post_tag","embeddable":true,"href":"https:\/\/nordis.ch\/index.php?rest_route=%2Fwp%2Fv2%2Ftags&post=434"}],"curies":[{"name":"wp","href":"https:\/\/api.w.org\/{rel}","templated":true}]}}