{"id":458,"date":"2015-05-18T15:36:56","date_gmt":"2015-05-18T14:36:56","guid":{"rendered":"http:\/\/nordis.ch\/?p=458"},"modified":"2015-05-18T15:57:39","modified_gmt":"2015-05-18T14:57:39","slug":"zdf-startet-heute-wir-haben-schon-im-april-gratuliert","status":"publish","type":"post","link":"https:\/\/nordis.ch\/?p=458","title":{"rendered":"#ZDF startet #heute+ Wir haben schon im April &#8222;gratuliert&#8220;."},"content":{"rendered":"<p><a href=\"https:\/\/i0.wp.com\/nordis.ch\/wp-content\/uploads\/heute-.jpg\"><img data-recalc-dims=\"1\" loading=\"lazy\" decoding=\"async\" data-attachment-id=\"459\" data-permalink=\"https:\/\/nordis.ch\/?attachment_id=459\" data-orig-file=\"https:\/\/i0.wp.com\/nordis.ch\/wp-content\/uploads\/heute-.jpg?fit=500%2C236&amp;ssl=1\" data-orig-size=\"500,236\" data-comments-opened=\"0\" data-image-meta=\"{&quot;aperture&quot;:&quot;0&quot;,&quot;credit&quot;:&quot;&quot;,&quot;camera&quot;:&quot;&quot;,&quot;caption&quot;:&quot;&quot;,&quot;created_timestamp&quot;:&quot;0&quot;,&quot;copyright&quot;:&quot;&quot;,&quot;focal_length&quot;:&quot;0&quot;,&quot;iso&quot;:&quot;0&quot;,&quot;shutter_speed&quot;:&quot;0&quot;,&quot;title&quot;:&quot;&quot;,&quot;orientation&quot;:&quot;0&quot;}\" data-image-title=\"heute+\" data-image-description=\"\" data-image-caption=\"\" data-medium-file=\"https:\/\/i0.wp.com\/nordis.ch\/wp-content\/uploads\/heute-.jpg?fit=300%2C142&amp;ssl=1\" data-large-file=\"https:\/\/i0.wp.com\/nordis.ch\/wp-content\/uploads\/heute-.jpg?fit=500%2C236&amp;ssl=1\" class=\"alignleft size-full wp-image-459\" src=\"https:\/\/i0.wp.com\/nordis.ch\/wp-content\/uploads\/heute-.jpg?resize=500%2C236\" alt=\"heute+\" width=\"500\" height=\"236\" srcset=\"https:\/\/i0.wp.com\/nordis.ch\/wp-content\/uploads\/heute-.jpg?w=500&amp;ssl=1 500w, https:\/\/i0.wp.com\/nordis.ch\/wp-content\/uploads\/heute-.jpg?resize=300%2C142&amp;ssl=1 300w\" sizes=\"auto, (max-width: 500px) 100vw, 500px\" \/><\/a><\/p>\n<p>Mit grossem Trara lanciert das ZDF seine Ersatzsendung f\u00fcr &#8222;heute nacht&#8220;. Fortan soll <a href=\"http:\/\/www.zdf.de\/heute-plus\/heute-plus-5989324.html\" target=\"_blank\" class=\"broken_link\">&#8222;heute+&#8220; <\/a><span id=\"\">&#8222;den Nachrichtentag hintergr\u00fcndiger und meinungsbetonter unter die Lupe&#8220; nehmen. <\/span><\/p>\n<p>Mir ist ja schon am <a href=\"http:\/\/nordis.ch\/?p=384\" target=\"_blank\">28. April <\/a>ein Beitrag vom heute+ Erkl\u00e4rb\u00e4r gegen den Strich gegangen. Trotzdem w\u00fcnscht nordis.ch viel Erfolg.<\/p>\n<p>&nbsp;<\/p>\n","protected":false},"excerpt":{"rendered":"<p>Mit grossem Trara lanciert das ZDF seine Ersatzsendung f\u00fcr &#8222;heute nacht&#8220;. Fortan soll &#8222;heute+&#8220; &#8222;den Nachrichtentag hintergr\u00fcndiger und meinungsbetonter unter die Lupe&#8220; nehmen. Mir ist ja schon am 28. April ein Beitrag vom heute+ Erkl\u00e4rb\u00e4r gegen den Strich gegangen. Trotzdem w\u00fcnscht nordis.ch viel Erfolg. &nbsp;<\/p>\n","protected":false},"author":1,"featured_media":0,"comment_status":"closed","ping_status":"open","sticky":false,"template":"","format":"standard","meta":{"ngg_post_thumbnail":0,"_jetpack_memberships_contains_paid_content":false,"footnotes":"","jetpack_publicize_message":"","jetpack_publicize_feature_enabled":true,"jetpack_social_post_already_shared":false,"jetpack_social_options":{"image_generator_settings":{"template":"highway","default_image_id":0,"font":"","enabled":false},"version":2}},"categories":[7,14,10,20,8],"tags":[],"class_list":["post-458","post","type-post","status-publish","format-standard","hentry","category-leben-und-arbeiten","category-medien","category-neuland","category-warnung","category-wtf"],"jetpack_publicize_connections":[],"jetpack_featured_media_url":"","jetpack_sharing_enabled":true,"jetpack_shortlink":"https:\/\/wp.me\/p7kVSe-7o","jetpack-related-posts":[],"_links":{"self":[{"href":"https:\/\/nordis.ch\/index.php?rest_route=\/wp\/v2\/posts\/458","targetHints":{"allow":["GET"]}}],"collection":[{"href":"https:\/\/nordis.ch\/index.php?rest_route=\/wp\/v2\/posts"}],"about":[{"href":"https:\/\/nordis.ch\/index.php?rest_route=\/wp\/v2\/types\/post"}],"author":[{"embeddable":true,"href":"https:\/\/nordis.ch\/index.php?rest_route=\/wp\/v2\/users\/1"}],"replies":[{"embeddable":true,"href":"https:\/\/nordis.ch\/index.php?rest_route=%2Fwp%2Fv2%2Fcomments&post=458"}],"version-history":[{"count":2,"href":"https:\/\/nordis.ch\/index.php?rest_route=\/wp\/v2\/posts\/458\/revisions"}],"predecessor-version":[{"id":461,"href":"https:\/\/nordis.ch\/index.php?rest_route=\/wp\/v2\/posts\/458\/revisions\/461"}],"wp:attachment":[{"href":"https:\/\/nordis.ch\/index.php?rest_route=%2Fwp%2Fv2%2Fmedia&parent=458"}],"wp:term":[{"taxonomy":"category","embeddable":true,"href":"https:\/\/nordis.ch\/index.php?rest_route=%2Fwp%2Fv2%2Fcategories&post=458"},{"taxonomy":"post_tag","embeddable":true,"href":"https:\/\/nordis.ch\/index.php?rest_route=%2Fwp%2Fv2%2Ftags&post=458"}],"curies":[{"name":"wp","href":"https:\/\/api.w.org\/{rel}","templated":true}]}}