{"id":565,"date":"2015-07-16T09:06:13","date_gmt":"2015-07-16T08:06:13","guid":{"rendered":"http:\/\/nordis.ch\/?p=565"},"modified":"2015-07-16T16:49:31","modified_gmt":"2015-07-16T15:49:31","slug":"leidernein","status":"publish","type":"post","link":"https:\/\/nordis.ch\/?p=565","title":{"rendered":"#LeiderNein"},"content":{"rendered":"<p>Wenn grosse Politik auf die kleine Realit\u00e4t trifft: Merkel erkl\u00e4rt einer Sch\u00fclerin in Deutschland, gefl\u00fcchtet aus Libanon, warum sie nun wieder abgeschoben wird&#8230;<br \/>\n<iframe loading=\"lazy\" width=\"560\" height=\"315\" src=\"https:\/\/www.youtube.com\/embed\/fRFzPvpJ6Kk\" frameborder=\"0\" allowfullscreen><\/iframe><br \/>\nUpdate 17:45 Uhr<br \/>\nIm Web wird zurecht darauf hingewiesen, dass das ein Zusammenschnitt ist und der NDR hat darauf die uncut-Version ins Web gestellt. Fairerweise. <a href=\"http:\/\/www.ndr.de\/fernsehen\/Rohschnitt-Merkel-spricht-mit-Fluechtlingskind,fluechtlingskind108.html\" target=\"_blank\" class=\"broken_link\">Hier zum Uncut<\/a>: <\/p>\n","protected":false},"excerpt":{"rendered":"<p>Wenn grosse Politik auf die kleine Realit\u00e4t trifft: Merkel erkl\u00e4rt einer Sch\u00fclerin in Deutschland, gefl\u00fcchtet aus Libanon, warum sie nun wieder abgeschoben wird&#8230; Update 17:45 Uhr Im Web wird zurecht darauf hingewiesen, dass das ein Zusammenschnitt ist und der NDR hat darauf die uncut-Version ins Web gestellt. Fairerweise. Hier zum Uncut:<\/p>\n","protected":false},"author":1,"featured_media":0,"comment_status":"closed","ping_status":"open","sticky":false,"template":"","format":"standard","meta":{"ngg_post_thumbnail":0,"_jetpack_memberships_contains_paid_content":false,"footnotes":"","jetpack_publicize_message":"","jetpack_publicize_feature_enabled":true,"jetpack_social_post_already_shared":false,"jetpack_social_options":{"image_generator_settings":{"template":"highway","default_image_id":0,"font":"","enabled":false},"version":2}},"categories":[16,22,3,7,14,17,8],"tags":[],"class_list":["post-565","post","type-post","status-publish","format-standard","hentry","category-abendland","category-bildung","category-im-norden","category-leben-und-arbeiten","category-medien","category-morgenland","category-wtf"],"jetpack_publicize_connections":[],"jetpack_featured_media_url":"","jetpack_sharing_enabled":true,"jetpack_shortlink":"https:\/\/wp.me\/p7kVSe-97","jetpack-related-posts":[],"_links":{"self":[{"href":"https:\/\/nordis.ch\/index.php?rest_route=\/wp\/v2\/posts\/565","targetHints":{"allow":["GET"]}}],"collection":[{"href":"https:\/\/nordis.ch\/index.php?rest_route=\/wp\/v2\/posts"}],"about":[{"href":"https:\/\/nordis.ch\/index.php?rest_route=\/wp\/v2\/types\/post"}],"author":[{"embeddable":true,"href":"https:\/\/nordis.ch\/index.php?rest_route=\/wp\/v2\/users\/1"}],"replies":[{"embeddable":true,"href":"https:\/\/nordis.ch\/index.php?rest_route=%2Fwp%2Fv2%2Fcomments&post=565"}],"version-history":[{"count":6,"href":"https:\/\/nordis.ch\/index.php?rest_route=\/wp\/v2\/posts\/565\/revisions"}],"predecessor-version":[{"id":571,"href":"https:\/\/nordis.ch\/index.php?rest_route=\/wp\/v2\/posts\/565\/revisions\/571"}],"wp:attachment":[{"href":"https:\/\/nordis.ch\/index.php?rest_route=%2Fwp%2Fv2%2Fmedia&parent=565"}],"wp:term":[{"taxonomy":"category","embeddable":true,"href":"https:\/\/nordis.ch\/index.php?rest_route=%2Fwp%2Fv2%2Fcategories&post=565"},{"taxonomy":"post_tag","embeddable":true,"href":"https:\/\/nordis.ch\/index.php?rest_route=%2Fwp%2Fv2%2Ftags&post=565"}],"curies":[{"name":"wp","href":"https:\/\/api.w.org\/{rel}","templated":true}]}}