{"id":615,"date":"2015-09-04T12:19:57","date_gmt":"2015-09-04T11:19:57","guid":{"rendered":"http:\/\/nordis.ch\/?p=615"},"modified":"2015-09-04T12:31:11","modified_gmt":"2015-09-04T11:31:11","slug":"grenzenauf","status":"publish","type":"post","link":"https:\/\/nordis.ch\/?p=615","title":{"rendered":"#GrenzenAuf"},"content":{"rendered":"<p>Zeit f\u00fcr einen Paradigmenwechsel bei der Zuwanderung! H\u00f6ren wir den Migrations-Experten zu. Europa sollte die Grenzen \u00f6ffnen f\u00fcr alle, die hierher kommen m\u00f6chten, aus welchen Gr\u00fcnden auch immer.<\/p>\n<p>Aktuell sprechen mehrere Gr\u00fcnde f\u00fcr den Abbruch der Festung Europa:<\/p>\n<blockquote><p>* K\u00f6nnten die Migranten auf legalem Weg nach Europa kommen, h\u00e4tte das Leid und Elend der Migranten auf ihrer verzweifelten und oft waghalsigen Flucht ein Ende, zumindest aber wird es reduziert.<\/p>\n<p>* Bei freier Zuwanderung verlieren die Schleuser umgehend ihr Gesch\u00e4ftsmodell.<br \/>\nMigranten, die Verwandte\/Bekannte in Europa haben, w\u00fcrden sich zumindest vorerst dort einen Platz suchen. Die Staaten w\u00e4ren lange nicht so \u00fcberfordert.<\/p>\n<p>* Wer frei kommen kann, kann auch ungehindert wieder gehen. Das geschieht h\u00e4ufiger, als man denkt.<\/p><\/blockquote>\n<p>Mehr hier zum Nachlesen:<\/p>\n<p>Migrationsforscher <a href=\"http:\/\/www.tagesanzeiger.ch\/ausland\/europa\/Wir-sollten-die-Grenzen-oeffnen\/story\/11835049\" target=\"_blank\">Fran\u00e7ois Gemenne im Tagi<\/a>:<\/p>\n<p>Urs P. Gasche: <a href=\"http:\/\/www.infosperber.ch\/Gesellschaft\/Fluchtlinge-Mittelmeer-Nicht-mehr-zuschauen-Grenzen-offnen\" target=\"_blank\">&#8222;Nicht mehr zuschauen! Grenzen \u00f6ffnen!&#8220;<\/a><\/p>\n<p>ARD-Magazin <a href=\"http:\/\/www.daserste.de\/information\/politik-weltgeschehen\/monitor\/videosextern\/macht-die-grenzen-auf-europas-versagen-in-der-fluechtlingspolitik-100.html\" target=\"_blank\">Monitor:<\/a><\/p>\n","protected":false},"excerpt":{"rendered":"<p>Zeit f\u00fcr einen Paradigmenwechsel bei der Zuwanderung! H\u00f6ren wir den Migrations-Experten zu. Europa sollte die Grenzen \u00f6ffnen f\u00fcr alle, die hierher kommen m\u00f6chten, aus welchen Gr\u00fcnden auch immer. Aktuell sprechen mehrere Gr\u00fcnde f\u00fcr den Abbruch der Festung Europa: * K\u00f6nnten die Migranten auf legalem Weg nach Europa kommen, h\u00e4tte das Leid und Elend der Migranten [&#8230;]<\/p>\n","protected":false},"author":1,"featured_media":0,"comment_status":"closed","ping_status":"open","sticky":false,"template":"","format":"standard","meta":{"ngg_post_thumbnail":0,"_jetpack_memberships_contains_paid_content":false,"footnotes":"","jetpack_publicize_message":"","jetpack_publicize_feature_enabled":true,"jetpack_social_post_already_shared":false,"jetpack_social_options":{"image_generator_settings":{"template":"highway","default_image_id":0,"font":"","enabled":false},"version":2}},"categories":[16,7,18,17,12,8],"tags":[],"class_list":["post-615","post","type-post","status-publish","format-standard","hentry","category-abendland","category-leben-und-arbeiten","category-maghreb","category-morgenland","category-wirtschaft","category-wtf"],"jetpack_publicize_connections":[],"jetpack_featured_media_url":"","jetpack_sharing_enabled":true,"jetpack_shortlink":"https:\/\/wp.me\/p7kVSe-9V","jetpack-related-posts":[],"_links":{"self":[{"href":"https:\/\/nordis.ch\/index.php?rest_route=\/wp\/v2\/posts\/615","targetHints":{"allow":["GET"]}}],"collection":[{"href":"https:\/\/nordis.ch\/index.php?rest_route=\/wp\/v2\/posts"}],"about":[{"href":"https:\/\/nordis.ch\/index.php?rest_route=\/wp\/v2\/types\/post"}],"author":[{"embeddable":true,"href":"https:\/\/nordis.ch\/index.php?rest_route=\/wp\/v2\/users\/1"}],"replies":[{"embeddable":true,"href":"https:\/\/nordis.ch\/index.php?rest_route=%2Fwp%2Fv2%2Fcomments&post=615"}],"version-history":[{"count":5,"href":"https:\/\/nordis.ch\/index.php?rest_route=\/wp\/v2\/posts\/615\/revisions"}],"predecessor-version":[{"id":620,"href":"https:\/\/nordis.ch\/index.php?rest_route=\/wp\/v2\/posts\/615\/revisions\/620"}],"wp:attachment":[{"href":"https:\/\/nordis.ch\/index.php?rest_route=%2Fwp%2Fv2%2Fmedia&parent=615"}],"wp:term":[{"taxonomy":"category","embeddable":true,"href":"https:\/\/nordis.ch\/index.php?rest_route=%2Fwp%2Fv2%2Fcategories&post=615"},{"taxonomy":"post_tag","embeddable":true,"href":"https:\/\/nordis.ch\/index.php?rest_route=%2Fwp%2Fv2%2Ftags&post=615"}],"curies":[{"name":"wp","href":"https:\/\/api.w.org\/{rel}","templated":true}]}}