{"id":668,"date":"2015-11-18T22:15:35","date_gmt":"2015-11-18T21:15:35","guid":{"rendered":"http:\/\/nordis.ch\/?p=668"},"modified":"2015-11-19T00:27:51","modified_gmt":"2015-11-18T23:27:51","slug":"schon-gewusst-ungerechtigkeitschuertterrorismus-oecd-generalsekretaer-angel-gurria-wirtschaftliche-ungleichheit-eine-ursache-von-terrorismus","status":"publish","type":"post","link":"https:\/\/nordis.ch\/?p=668","title":{"rendered":"Schon gewusst? #UngerechtigkeitSch\u00fcrtTerrorismus: OECD-Generalsekret\u00e4r Gurria: wirtschaftliche Ungleichheit eine Ursache von Terrorismus"},"content":{"rendered":"<p>Wenn man sich umschaut, findet man \u00fcberall schlaue Analysen und klare Hinweise auf die Ursachen von Terror und Erkl\u00e4rungen daf\u00fcr, warum sich viele in Sekten ergeben, sich abschotten und v\u00f6llig schr\u00e4ge Wege gehen.<br \/>\nEin Hinweis, der immer wieder auftaucht, ist der auf die immer weiter auseinanderklaffende Schlucht zwischen Armen und Reichen, auch in den westlichen L\u00e4ndern.<br \/>\nWer also den Terror bek\u00e4mpfen will, tut gut daran, f\u00fcr mehr Gerechtigkeit zu sorgen. Als n\u00e4chster Kronzeuge wird aufgerufen: OECD-Generalsekret\u00e4r Angel Gurria: <\/p>\n<blockquote><p>\n&#8222;<a href=\"http:\/\/kurier.at\/wirtschaft\/wirtschaftspolitik\/oecd-reichtum-und-armut-als-ursache-fuer-terror\/163.994.356\" target=\"_blank\" class=\"broken_link\">In den entwickelten L\u00e4ndern klaffe die Schere zwischen Arm und Reich so weit wie nie&#8230; wirtschaftliche Ungleichheit ist eine Ursache von Terrorismus.&#8220; Beim G20-Gipfel in Antalya.&#8220; <\/a><\/p><\/blockquote>\n<p>Und wohin der &#8222;Krieg gegen Terror&#8220; f\u00fchrt, darum geht es auch <a href=\"http:\/\/diepresse.com\/home\/meinung\/gastkommentar\/4868565\/Keine-Beweise-dass-der-Krieg-gegen-den-Terror-funktioniert\" target=\"_blank\">hier<\/a>:<\/p>\n","protected":false},"excerpt":{"rendered":"<p>Wenn man sich umschaut, findet man \u00fcberall schlaue Analysen und klare Hinweise auf die Ursachen von Terror und Erkl\u00e4rungen daf\u00fcr, warum sich viele in Sekten ergeben, sich abschotten und v\u00f6llig schr\u00e4ge Wege gehen. Ein Hinweis, der immer wieder auftaucht, ist der auf die immer weiter auseinanderklaffende Schlucht zwischen Armen und Reichen, auch in den westlichen [&#8230;]<\/p>\n","protected":false},"author":1,"featured_media":0,"comment_status":"closed","ping_status":"open","sticky":false,"template":"","format":"standard","meta":{"ngg_post_thumbnail":0,"_jetpack_memberships_contains_paid_content":false,"footnotes":"","jetpack_publicize_message":"","jetpack_publicize_feature_enabled":true,"jetpack_social_post_already_shared":false,"jetpack_social_options":{"image_generator_settings":{"template":"highway","default_image_id":0,"font":"","enabled":false},"version":2}},"categories":[16,22,7,12],"tags":[],"class_list":["post-668","post","type-post","status-publish","format-standard","hentry","category-abendland","category-bildung","category-leben-und-arbeiten","category-wirtschaft"],"jetpack_publicize_connections":[],"jetpack_featured_media_url":"","jetpack_sharing_enabled":true,"jetpack_shortlink":"https:\/\/wp.me\/p7kVSe-aM","jetpack-related-posts":[],"_links":{"self":[{"href":"https:\/\/nordis.ch\/index.php?rest_route=\/wp\/v2\/posts\/668","targetHints":{"allow":["GET"]}}],"collection":[{"href":"https:\/\/nordis.ch\/index.php?rest_route=\/wp\/v2\/posts"}],"about":[{"href":"https:\/\/nordis.ch\/index.php?rest_route=\/wp\/v2\/types\/post"}],"author":[{"embeddable":true,"href":"https:\/\/nordis.ch\/index.php?rest_route=\/wp\/v2\/users\/1"}],"replies":[{"embeddable":true,"href":"https:\/\/nordis.ch\/index.php?rest_route=%2Fwp%2Fv2%2Fcomments&post=668"}],"version-history":[{"count":4,"href":"https:\/\/nordis.ch\/index.php?rest_route=\/wp\/v2\/posts\/668\/revisions"}],"predecessor-version":[{"id":672,"href":"https:\/\/nordis.ch\/index.php?rest_route=\/wp\/v2\/posts\/668\/revisions\/672"}],"wp:attachment":[{"href":"https:\/\/nordis.ch\/index.php?rest_route=%2Fwp%2Fv2%2Fmedia&parent=668"}],"wp:term":[{"taxonomy":"category","embeddable":true,"href":"https:\/\/nordis.ch\/index.php?rest_route=%2Fwp%2Fv2%2Fcategories&post=668"},{"taxonomy":"post_tag","embeddable":true,"href":"https:\/\/nordis.ch\/index.php?rest_route=%2Fwp%2Fv2%2Ftags&post=668"}],"curies":[{"name":"wp","href":"https:\/\/api.w.org\/{rel}","templated":true}]}}