{"id":792,"date":"2016-01-02T10:41:55","date_gmt":"2016-01-02T09:41:55","guid":{"rendered":"http:\/\/nordis.ch\/?p=792"},"modified":"2016-01-02T11:01:42","modified_gmt":"2016-01-02T10:01:42","slug":"792","status":"publish","type":"post","link":"https:\/\/nordis.ch\/?p=792","title":{"rendered":"#Ooops: R\u00fcckschlag f\u00fcr Fernermittler"},"content":{"rendered":"<p><a href=\"https:\/\/i0.wp.com\/nordis.ch\/wp-content\/uploads\/2015-11-29-095.jpg\"><img data-recalc-dims=\"1\" loading=\"lazy\" decoding=\"async\" data-attachment-id=\"735\" data-permalink=\"https:\/\/nordis.ch\/?attachment_id=735\" data-orig-file=\"https:\/\/i0.wp.com\/nordis.ch\/wp-content\/uploads\/2015-11-29-095.jpg?fit=5472%2C3648&amp;ssl=1\" data-orig-size=\"5472,3648\" data-comments-opened=\"0\" data-image-meta=\"{&quot;aperture&quot;:&quot;3.5&quot;,&quot;credit&quot;:&quot;&quot;,&quot;camera&quot;:&quot;DSC-RX100M2&quot;,&quot;caption&quot;:&quot;&quot;,&quot;created_timestamp&quot;:&quot;1448806971&quot;,&quot;copyright&quot;:&quot;&quot;,&quot;focal_length&quot;:&quot;16.78&quot;,&quot;iso&quot;:&quot;200&quot;,&quot;shutter_speed&quot;:&quot;0.008&quot;,&quot;title&quot;:&quot;&quot;,&quot;orientation&quot;:&quot;1&quot;}\" data-image-title=\"2015-11-29 095\" data-image-description=\"\" data-image-caption=\"\" data-medium-file=\"https:\/\/i0.wp.com\/nordis.ch\/wp-content\/uploads\/2015-11-29-095.jpg?fit=300%2C200&amp;ssl=1\" data-large-file=\"https:\/\/i0.wp.com\/nordis.ch\/wp-content\/uploads\/2015-11-29-095.jpg?fit=750%2C500&amp;ssl=1\" class=\"alignright size-medium wp-image-735\" src=\"https:\/\/i0.wp.com\/nordis.ch\/wp-content\/uploads\/2015-11-29-095.jpg?resize=300%2C200\" alt=\"2015-11-29 095\" width=\"300\" height=\"200\" srcset=\"https:\/\/i0.wp.com\/nordis.ch\/wp-content\/uploads\/2015-11-29-095.jpg?resize=300%2C200&amp;ssl=1 300w, https:\/\/i0.wp.com\/nordis.ch\/wp-content\/uploads\/2015-11-29-095.jpg?resize=1024%2C683&amp;ssl=1 1024w, https:\/\/i0.wp.com\/nordis.ch\/wp-content\/uploads\/2015-11-29-095.jpg?w=1500 1500w, https:\/\/i0.wp.com\/nordis.ch\/wp-content\/uploads\/2015-11-29-095.jpg?w=2250 2250w\" sizes=\"auto, (max-width: 300px) 100vw, 300px\" \/><\/a>In der Nacht zum 24. November 2015 brannten sechs Streifenfahrzeuge in Schwachhausen\/HB aus. Obwohl der <a href=\"https:\/\/www.bayernkurier.de\/inland\/8162-erosion-des-rechtsstaates\" target=\"_blank\">Bayernkurier<\/a> schon l\u00e4ngst sicher war, <a href=\"http:\/\/nordis.ch\/?p=733\" target=\"_blank\">die Brandstifter qua scharfschnittiger \u00dcberlegungen \u00fcberf\u00fchrt zu haben<\/a>, wartet die Staatsanwaltschaft jetzt mit einem Verd\u00e4chtigen auf: <a href=\"http:\/\/www.weser-kurier.de\/bremen\/bremen-stadtreport_artikel,-Brandstiftung-Polizei-ermittelt-Verdaechtigen-_arid,1283369.html\" target=\"_blank\">Ein psychisch Kranker.<\/a> Das passt nun allerdings so gar nicht ins Bild des <a href=\"https:\/\/de.wikipedia.org\/wiki\/Bayernkurier\" target=\"_blank\">CSU-Parteiorgans<\/a>.<\/p>\n","protected":false},"excerpt":{"rendered":"<p>In der Nacht zum 24. November 2015 brannten sechs Streifenfahrzeuge in Schwachhausen\/HB aus. Obwohl der Bayernkurier schon l\u00e4ngst sicher war, die Brandstifter qua scharfschnittiger \u00dcberlegungen \u00fcberf\u00fchrt zu haben, wartet die Staatsanwaltschaft jetzt mit einem Verd\u00e4chtigen auf: Ein psychisch Kranker. Das passt nun allerdings so gar nicht ins Bild des CSU-Parteiorgans.<\/p>\n","protected":false},"author":1,"featured_media":0,"comment_status":"closed","ping_status":"open","sticky":false,"template":"","format":"standard","meta":{"ngg_post_thumbnail":0,"_jetpack_memberships_contains_paid_content":false,"footnotes":"","jetpack_publicize_message":"","jetpack_publicize_feature_enabled":true,"jetpack_social_post_already_shared":false,"jetpack_social_options":{"image_generator_settings":{"template":"highway","default_image_id":0,"font":"","enabled":false},"version":2}},"categories":[16,24,11,3,14],"tags":[],"class_list":["post-792","post","type-post","status-publish","format-standard","hentry","category-abendland","category-angstbange","category-bremen","category-im-norden","category-medien"],"jetpack_publicize_connections":[],"jetpack_featured_media_url":"","jetpack_sharing_enabled":true,"jetpack_shortlink":"https:\/\/wp.me\/s7kVSe-792","jetpack-related-posts":[],"_links":{"self":[{"href":"https:\/\/nordis.ch\/index.php?rest_route=\/wp\/v2\/posts\/792","targetHints":{"allow":["GET"]}}],"collection":[{"href":"https:\/\/nordis.ch\/index.php?rest_route=\/wp\/v2\/posts"}],"about":[{"href":"https:\/\/nordis.ch\/index.php?rest_route=\/wp\/v2\/types\/post"}],"author":[{"embeddable":true,"href":"https:\/\/nordis.ch\/index.php?rest_route=\/wp\/v2\/users\/1"}],"replies":[{"embeddable":true,"href":"https:\/\/nordis.ch\/index.php?rest_route=%2Fwp%2Fv2%2Fcomments&post=792"}],"version-history":[{"count":13,"href":"https:\/\/nordis.ch\/index.php?rest_route=\/wp\/v2\/posts\/792\/revisions"}],"predecessor-version":[{"id":809,"href":"https:\/\/nordis.ch\/index.php?rest_route=\/wp\/v2\/posts\/792\/revisions\/809"}],"wp:attachment":[{"href":"https:\/\/nordis.ch\/index.php?rest_route=%2Fwp%2Fv2%2Fmedia&parent=792"}],"wp:term":[{"taxonomy":"category","embeddable":true,"href":"https:\/\/nordis.ch\/index.php?rest_route=%2Fwp%2Fv2%2Fcategories&post=792"},{"taxonomy":"post_tag","embeddable":true,"href":"https:\/\/nordis.ch\/index.php?rest_route=%2Fwp%2Fv2%2Ftags&post=792"}],"curies":[{"name":"wp","href":"https:\/\/api.w.org\/{rel}","templated":true}]}}