{"id":856,"date":"2016-02-10T21:33:42","date_gmt":"2016-02-10T20:33:42","guid":{"rendered":"http:\/\/nordis.ch\/?p=856"},"modified":"2016-02-17T13:01:37","modified_gmt":"2016-02-17T12:01:37","slug":"bremeninzahlen-heute-3-von-4-bremer-betrieben-bilden-nicht-aus","status":"publish","type":"post","link":"https:\/\/nordis.ch\/?p=856","title":{"rendered":"#BremenInZahlen: Heute: 3 von 4 Bremer Betrieben bilden nicht aus"},"content":{"rendered":"<div id=\"attachment_861\" style=\"width: 760px\" class=\"wp-caption aligncenter\"><img data-recalc-dims=\"1\" loading=\"lazy\" decoding=\"async\" aria-describedby=\"caption-attachment-861\" data-attachment-id=\"861\" data-permalink=\"https:\/\/nordis.ch\/?attachment_id=861\" data-orig-file=\"https:\/\/i0.wp.com\/nordis.ch\/wp-content\/uploads\/2015-09-28-043.jpg?fit=5472%2C3648&amp;ssl=1\" data-orig-size=\"5472,3648\" data-comments-opened=\"0\" data-image-meta=\"{&quot;aperture&quot;:&quot;4.5&quot;,&quot;credit&quot;:&quot;&quot;,&quot;camera&quot;:&quot;DSC-RX100M2&quot;,&quot;caption&quot;:&quot;&quot;,&quot;created_timestamp&quot;:&quot;1443452583&quot;,&quot;copyright&quot;:&quot;&quot;,&quot;focal_length&quot;:&quot;10.4&quot;,&quot;iso&quot;:&quot;160&quot;,&quot;shutter_speed&quot;:&quot;0.01&quot;,&quot;title&quot;:&quot;&quot;,&quot;orientation&quot;:&quot;1&quot;}\" data-image-title=\"2015-09-28 043\" data-image-description=\"\" data-image-caption=\"\" data-medium-file=\"https:\/\/i0.wp.com\/nordis.ch\/wp-content\/uploads\/2015-09-28-043.jpg?fit=300%2C200&amp;ssl=1\" data-large-file=\"https:\/\/i0.wp.com\/nordis.ch\/wp-content\/uploads\/2015-09-28-043.jpg?fit=750%2C500&amp;ssl=1\" class=\"wp-image-861 size-large\" src=\"https:\/\/i0.wp.com\/nordis.ch\/wp-content\/uploads\/2015-09-28-043.jpg?resize=750%2C500\" alt=\"2015-09-28 043\" width=\"750\" height=\"500\" srcset=\"https:\/\/i0.wp.com\/nordis.ch\/wp-content\/uploads\/2015-09-28-043.jpg?resize=1024%2C683&amp;ssl=1 1024w, https:\/\/i0.wp.com\/nordis.ch\/wp-content\/uploads\/2015-09-28-043.jpg?resize=300%2C200&amp;ssl=1 300w, https:\/\/i0.wp.com\/nordis.ch\/wp-content\/uploads\/2015-09-28-043.jpg?resize=768%2C512&amp;ssl=1 768w, https:\/\/i0.wp.com\/nordis.ch\/wp-content\/uploads\/2015-09-28-043.jpg?w=1500 1500w, https:\/\/i0.wp.com\/nordis.ch\/wp-content\/uploads\/2015-09-28-043.jpg?w=2250 2250w\" sizes=\"auto, (max-width: 750px) 100vw, 750px\" \/><p id=\"caption-attachment-861\" class=\"wp-caption-text\">Siegfried der Drachent\u00f6ter an der Westseite des Parkhotels. Marmorne Musica von Constantin Dausch 1877.<\/p><\/div>\n<p>&nbsp;<\/p>\n<p>Nur 1\/4 der Betriebe in Bremen bildet aus. Versprochen hatte die Handelskammer 2014 deutlich mehr. Heute verteidigt sich Herr Heidemeyer von der Handelskammer und erkl\u00e4rt, die Schuld liege eigentlich bei den Schulen, die &#8211; salopp gesagt &#8211; unbrauchbares Material anliefern w\u00fcrden. Deswegen seien auch 400 Stellen unbesetzt geblieben. Und es w\u00e4ren sogar noch mehr gewesen, g\u00e4be es nicht die Jugendlichen aus den Vororten Bremens.<\/p>\n<p>Es ist schon bitter f\u00fcr eine Gesellschaft, f\u00fcr die eine Ausbildung in einem Betrieb oder ein Studium den Weg in die sp\u00e4tere Berufst\u00e4tigkeit weist, wenn die Ausbildenden den Jugendlichen die T\u00fcre vor der Nase zuschlagen mit der Bemerkung: &#8222;Selber schuld, ihr seid halt einfach zu bl\u00f6d.&#8220;<\/p>\n<p>Offenbar f\u00fchlen sich die Bremer Arbeitgeber ihrem Nachwuchs nicht verpflichtet. Sie halten die Jugendlichen f\u00fcr unpassend, nicht qualifiziert genug, so\u00a0 Herr Heidemeyer von der Handelskammer im Weser-Report, 10.2.2015. Der Vertreter der Wirtschaft erkl\u00e4rt, man w\u00fcrde ja ausbilden, wenn die Schulen nicht so unbrauchbares Material anliefern w\u00fcrden. Schuld sei die Schule in Bremen. Zack, fertig. Affe, resp. Ausbildung tot. Sie sind nicht die ersten K\u00f6nige, die mir ihrem Volk unzufrieden sind.<br \/>\nDa Bremer Unternehmer offenbar nicht nur mit ihren Jugendlichen nix anfangen k\u00f6nnen, sondern auch mit dem Grundsatz, Eigentum verpflichtet, hier ein kleiner Exkurs:<\/p>\n<p>&nbsp;<\/p>\n<blockquote><p>Antike\/Stoische Philosophie<br \/>\nSpuren einer Sozialpflichtigkeits-Theorie finden sich bereits in der Antike, etwa in Marcus Tullius Ciceros Schrift De officiis, basierend auf seiner Okkupationstheorie des Eigentums. Gem\u00e4\u00df Cicero sollen wir \u201eden gemeinsamen Nutzen in den Mittelpunkt stellen und durch gegenseitige Leistungen, durch Geben und Nehmen, ferner durch Fachkenntnisse, Hilfeleistung und materielle Mittel das Band der Zusammengeh\u00f6rigkeit der Menschen untereinander kn\u00fcpfen.\u201c<\/p><\/blockquote>\n<p>Quelle: Wikipedia<\/p>\n<p>Heute gibt es bereits 7000 Bremer und Bremerhavener zwischen 18 und 24 Jahren ohne Berufsabschluss. Jeder 10. Jugendliche findet keinen Ausbildungplatz. So der Bericht zur Lage der Jugendlichen in HB.<\/p>\n<p>Im <a href=\"http:\/\/www.weser-kurier.de\/bremen_artikel,-7000-junge-Bremer-ohne-Berufsabschluss-_arid,1309224.html\" target=\"_blank\">Weser-Kurier.de<\/a> lese ich: Bei einem 2014 geschlossenen Ausbildungspakt wurden f\u00fcr 2016\/17 7800 Ausbildungspl\u00e4tze versprochen. Heute gibt es gibt es 7150 Ausbildungspl\u00e4tze in 3740 Betrieben, bei 16&#8217;000 Betrieben in HB insgesamt. Im Schnitt kommen so zwar auf jeden ausbildenden Betrieb zwei Lehrlinge, allerdings d\u00fcrften darunter einige Grossbetriebe wie Daimler sein, die einen erheblichen Teil der Lehrstellen bieten. Damit d\u00fcrfte die Bilanz der KMU noch verheerender aussehen.<\/p>\n<p>Mit dem &#8222;Ausbildungspakt&#8220; durften die Arbeitgeber 2014 mit dem Versprechen auf 7800 Ausbildungspl\u00e4tze wohl staatliche Eingriffe noch abgewehrt haben. Eingehalten haben sie ihr Versprechen nicht. Heidemeyer\/Handelskammer echauffiert sich heute sogar: &#8222;Die Behauptung, dass so wenig Betriebe in Bremen ausbilden, ist ein echter Witz.&#8220; Das Gegenteil sei der Fall: &#8222;Im letzten Jahr sind 400 Ausbildungspl\u00e4tze nicht besetzt worden. Die Unternehmer finden Bewerber aus dem nieders\u00e4chsischen Umfeld passender&#8220;. F\u00fcr Ortsunkundige: Mit dem &#8222;Umfeld&#8220; meint er die Bewohner des Bremer Speckg\u00fcrtels in Niedersachsen, die nach Bremen pendeln. Die Stadt selber zieht als Zentrumsmetropole eher die &#8222;schwierigen&#8220; Bewohner der weiteren Region an.<\/p>\n<p>Selbst wenn 400 Stellen tats\u00e4chlich nicht besetzt werden konnten, sind es immer noch 250 weniger als angesagt. Dar\u00fcberhinaus w\u00e4ren die versprochenen Ausbildungspl\u00e4tze eh nicht ausreichend gewesen, denn pro Jahrgang bleiben um die 1000 Jugendliche ohne Ausbildung. Die Zahl 1000 ergibt sich aus den 7000 ohne Ausbildung im Alter von 18-24, also sieben Jahrg\u00e4nge, 7000 : 7 = 1000.<\/p>\n<p>Unterm Strich bleiben j\u00e4hrlich nach wie vor etwa 1000 Jugendliche auf der Strecke, ohne Ausbildung, ohne Studium. Da die Bremer Wirtschaft entweder nicht in der Lage oder nicht Willens ist, auszubilden, und sich die Handelskammer\/Wirtschaft bei dem Pakt 2014 entweder selber masslos \u00fcbersch\u00e4tzt hat oder einfach falsche St\u00e4rke vorgegaukelt hat, w\u00e4re es Zeit f\u00fcr Massnahmen. Bonus\/Malus bew\u00e4hrt sich in solchen F\u00e4llen eigentlich immer. Die, die nicht ausbilden, zahlen, die anderen bekommen was drauf. Die Betriebe, die noch ausbilden, schreiben das bitte gross an ihre L\u00e4den.<\/p>\n<p>Da sich die Wirtschaft in Bremen de facto von der Verpflichtung zur Ausbildung seines eigenen &#8211; Bremer &#8211; Nachwuchses verabschiedet hat, soll man das auch so kommunizieren und die 3750 Betriebe und Lehrmeister hoch halten, die noch ausbilden.<\/p>\n<p>Dieser neue 3. Weg sollte dann aber auch ohne Einfluss der Handelskammer gegangen werden. Da die Gesellschaft sich sowieso in einem gewaltigen Umbruch der Arbeitswelt ins digitale Zeitalter befindet, muss man auch nicht f\u00fcr Berufe\/Arbeiten ausbilden, die eh keine Zukunft haben.<\/p>\n<p>Nach dem Motto: Wir lassen keinen zur\u00fcck: F\u00fcr die Jugendlichen ohne Stelle m\u00fcsste es umgehend ad\u00e4quate Angebote geben, zugeschnitten auf die effektiven F\u00e4higkeiten und tats\u00e4chlichen Bed\u00fcrfnisse der Jugendlichen. Unter Einbeziehung von Lehrmeistern aus der Praxis, deren Zeitnachteil von den nicht ausbildenden Betrieben kompensiert werden muss, zzgl. einem Obulus.<br \/>\nBitte machen.<\/p>\n<p>Und <a href=\"http:\/\/creative.arte.tv\/de\/folge\/wer-nicht-fragt-stirbt-dumm-2230-Warum-sind-Jugendliche-so-lasch\" target=\"_blank\">hier<\/a> noch ein Hinweis f\u00fcr das bessere Verst\u00e4ndnis unserer Jugendlichen!<br \/>\n<a href=\"http:\/\/creative.arte.tv\/de\/folge\/wer-nicht-fragt-stirbt-dumm-2230-Warum-sind-Jugendliche-so-laschhttp:\/\/\" rel=\"attachment wp-att-895\" class=\"broken_link\"><img data-recalc-dims=\"1\" loading=\"lazy\" decoding=\"async\" data-attachment-id=\"895\" data-permalink=\"https:\/\/nordis.ch\/?attachment_id=895\" data-orig-file=\"https:\/\/i0.wp.com\/nordis.ch\/wp-content\/uploads\/JugendlicheArte.jpg?fit=582%2C567&amp;ssl=1\" data-orig-size=\"582,567\" data-comments-opened=\"0\" data-image-meta=\"{&quot;aperture&quot;:&quot;0&quot;,&quot;credit&quot;:&quot;Rainer Becker&quot;,&quot;camera&quot;:&quot;&quot;,&quot;caption&quot;:&quot;&quot;,&quot;created_timestamp&quot;:&quot;1455383393&quot;,&quot;copyright&quot;:&quot;&quot;,&quot;focal_length&quot;:&quot;0&quot;,&quot;iso&quot;:&quot;0&quot;,&quot;shutter_speed&quot;:&quot;0&quot;,&quot;title&quot;:&quot;&quot;,&quot;orientation&quot;:&quot;0&quot;}\" data-image-title=\"JugendlicheArte\" data-image-description=\"\" data-image-caption=\"\" data-medium-file=\"https:\/\/i0.wp.com\/nordis.ch\/wp-content\/uploads\/JugendlicheArte.jpg?fit=300%2C292&amp;ssl=1\" data-large-file=\"https:\/\/i0.wp.com\/nordis.ch\/wp-content\/uploads\/JugendlicheArte.jpg?fit=582%2C567&amp;ssl=1\" class=\"aligncenter size-full wp-image-895\" src=\"https:\/\/i0.wp.com\/nordis.ch\/wp-content\/uploads\/JugendlicheArte.jpg?resize=582%2C567\" alt=\"JugendlicheArte\" width=\"582\" height=\"567\" srcset=\"https:\/\/i0.wp.com\/nordis.ch\/wp-content\/uploads\/JugendlicheArte.jpg?w=582&amp;ssl=1 582w, https:\/\/i0.wp.com\/nordis.ch\/wp-content\/uploads\/JugendlicheArte.jpg?resize=300%2C292&amp;ssl=1 300w\" sizes=\"auto, (max-width: 582px) 100vw, 582px\" \/><\/a><\/p>\n","protected":false},"excerpt":{"rendered":"<p>&nbsp; Nur 1\/4 der Betriebe in Bremen bildet aus. Versprochen hatte die Handelskammer 2014 deutlich mehr. Heute verteidigt sich Herr Heidemeyer von der Handelskammer und erkl\u00e4rt, die Schuld liege eigentlich bei den Schulen, die &#8211; salopp gesagt &#8211; unbrauchbares Material anliefern w\u00fcrden. Deswegen seien auch 400 Stellen unbesetzt geblieben. Und es w\u00e4ren sogar noch mehr [&#8230;]<\/p>\n","protected":false},"author":1,"featured_media":0,"comment_status":"closed","ping_status":"open","sticky":false,"template":"","format":"standard","meta":{"ngg_post_thumbnail":0,"_jetpack_memberships_contains_paid_content":false,"footnotes":"","jetpack_publicize_message":"","jetpack_publicize_feature_enabled":true,"jetpack_social_post_already_shared":false,"jetpack_social_options":{"image_generator_settings":{"template":"highway","default_image_id":0,"font":"","enabled":false},"version":2}},"categories":[22,11,7,12,30],"tags":[],"class_list":["post-856","post","type-post","status-publish","format-standard","hentry","category-bildung","category-bremen","category-leben-und-arbeiten","category-wirtschaft","category-zukunft"],"jetpack_publicize_connections":[],"jetpack_featured_media_url":"","jetpack_sharing_enabled":true,"jetpack_shortlink":"https:\/\/wp.me\/p7kVSe-dO","jetpack-related-posts":[],"_links":{"self":[{"href":"https:\/\/nordis.ch\/index.php?rest_route=\/wp\/v2\/posts\/856","targetHints":{"allow":["GET"]}}],"collection":[{"href":"https:\/\/nordis.ch\/index.php?rest_route=\/wp\/v2\/posts"}],"about":[{"href":"https:\/\/nordis.ch\/index.php?rest_route=\/wp\/v2\/types\/post"}],"author":[{"embeddable":true,"href":"https:\/\/nordis.ch\/index.php?rest_route=\/wp\/v2\/users\/1"}],"replies":[{"embeddable":true,"href":"https:\/\/nordis.ch\/index.php?rest_route=%2Fwp%2Fv2%2Fcomments&post=856"}],"version-history":[{"count":22,"href":"https:\/\/nordis.ch\/index.php?rest_route=\/wp\/v2\/posts\/856\/revisions"}],"predecessor-version":[{"id":915,"href":"https:\/\/nordis.ch\/index.php?rest_route=\/wp\/v2\/posts\/856\/revisions\/915"}],"wp:attachment":[{"href":"https:\/\/nordis.ch\/index.php?rest_route=%2Fwp%2Fv2%2Fmedia&parent=856"}],"wp:term":[{"taxonomy":"category","embeddable":true,"href":"https:\/\/nordis.ch\/index.php?rest_route=%2Fwp%2Fv2%2Fcategories&post=856"},{"taxonomy":"post_tag","embeddable":true,"href":"https:\/\/nordis.ch\/index.php?rest_route=%2Fwp%2Fv2%2Ftags&post=856"}],"curies":[{"name":"wp","href":"https:\/\/api.w.org\/{rel}","templated":true}]}}