{"id":941,"date":"2016-02-22T14:07:43","date_gmt":"2016-02-22T13:07:43","guid":{"rendered":"http:\/\/nordis.ch\/?p=941"},"modified":"2016-03-31T21:05:59","modified_gmt":"2016-03-31T20:05:59","slug":"dividende-divide-et-impere","status":"publish","type":"post","link":"https:\/\/nordis.ch\/?p=941","title":{"rendered":"#Dividende &#8211; divide et impere"},"content":{"rendered":"<p><a id=\"K\u00fchne Quote\"><\/a><img data-recalc-dims=\"1\" loading=\"lazy\" decoding=\"async\" data-attachment-id=\"945\" data-permalink=\"https:\/\/nordis.ch\/?attachment_id=945\" data-orig-file=\"https:\/\/i0.wp.com\/nordis.ch\/wp-content\/uploads\/2015-11-28-001.jpg?fit=5472%2C3648&amp;ssl=1\" data-orig-size=\"5472,3648\" data-comments-opened=\"0\" data-image-meta=\"{&quot;aperture&quot;:&quot;2.8&quot;,&quot;credit&quot;:&quot;&quot;,&quot;camera&quot;:&quot;DSC-RX100M2&quot;,&quot;caption&quot;:&quot;&quot;,&quot;created_timestamp&quot;:&quot;1448731153&quot;,&quot;copyright&quot;:&quot;&quot;,&quot;focal_length&quot;:&quot;10.4&quot;,&quot;iso&quot;:&quot;400&quot;,&quot;shutter_speed&quot;:&quot;0.008&quot;,&quot;title&quot;:&quot;&quot;,&quot;orientation&quot;:&quot;1&quot;}\" data-image-title=\"2015-11-28 001\" data-image-description=\"\" data-image-caption=\"\" data-medium-file=\"https:\/\/i0.wp.com\/nordis.ch\/wp-content\/uploads\/2015-11-28-001.jpg?fit=300%2C200&amp;ssl=1\" data-large-file=\"https:\/\/i0.wp.com\/nordis.ch\/wp-content\/uploads\/2015-11-28-001.jpg?fit=750%2C500&amp;ssl=1\" class=\"alignright wp-image-945 size-large\" src=\"https:\/\/i0.wp.com\/nordis.ch\/wp-content\/uploads\/2015-11-28-001.jpg?resize=750%2C500\" alt=\"2015-11-28 001\" width=\"750\" height=\"500\" srcset=\"https:\/\/i0.wp.com\/nordis.ch\/wp-content\/uploads\/2015-11-28-001.jpg?resize=1024%2C683&amp;ssl=1 1024w, https:\/\/i0.wp.com\/nordis.ch\/wp-content\/uploads\/2015-11-28-001.jpg?resize=300%2C200&amp;ssl=1 300w, https:\/\/i0.wp.com\/nordis.ch\/wp-content\/uploads\/2015-11-28-001.jpg?resize=768%2C512&amp;ssl=1 768w, https:\/\/i0.wp.com\/nordis.ch\/wp-content\/uploads\/2015-11-28-001.jpg?w=1500 1500w, https:\/\/i0.wp.com\/nordis.ch\/wp-content\/uploads\/2015-11-28-001.jpg?w=2250 2250w\" sizes=\"auto, (max-width: 750px) 100vw, 750px\" \/><\/p>\n<p>Dieses Geb\u00e4ude vom Logistikkonzern K\u00fchne + Nagel in zentraler Lage in Bremens City weicht demn\u00e4chst einem &#8222;repr\u00e4sentativen&#8220; Neubau, will heissen, alles wird deutlich gr\u00f6sser. Die Stadt hat dem milliardenschweren Schweizer Konzern f\u00fcr den Neubau auch gleich noch das Gel\u00e4nde von 971 qm bis hin zur Br\u00fccke, im Bild quasi der Vorhof, f\u00fcr knapp 1 Mio statt der markt\u00fcblichen 3 Mio EUR \u00fcberlassen. Warum die Stadt 2 Mio EUR Preisnachlass gab, erkl\u00e4rt sie Radio Bremen so: Schliesslich sei das Gel\u00e4nde noch nicht &#8222;baulastenfrei&#8220; erschlossen, es k\u00f6nnten ja &#8222;noch Blindg\u00e4nger&#8220; gefunden werden und &#8222;gleichzeitig muss&#8220;, weil K+N das Geb\u00e4ude auf resp. \u00fcber die Strasse hinaus bauen will, &#8222;der Strassenverlauf umgebaut werden&#8220; muss, was auf Kosten von K+N geht, der Grundst\u00fcckspreis senkt. Hmm&#8230; Aha. Wer ein Grundst\u00fcck kauft, bis auf den letzten Meter zubaut und so die Verlegung der bestehenden \u00f6ffentlichen Wege erzwingt, bekommt Preisnachlass? Naja. So erkl\u00e4rt <a href=\"http:\/\/www.radiobremen.de\/fernsehen\/buten_un_binnen\/video83928-popup.html\" target=\"_blank\" class=\"broken_link\">Stadtvertreter Tittmann\/Bauressort <\/a>den Preisnachlass von 2 Mio EUR vor laufender Kamera. Hat Tittmann schon ein Date zum z&#8217;Mittag auf der nicht \u00f6ffentlichen Dachterrasse bekommen?\u00a0Oder hat er es nicht so gemeint? Egal, gesagt hat er es so. Wenn dann noch Senatsbaudirektorin Iris Reuther den Neubau beschreibt und was von &#8222;klarer hanseatischer Form&#8220;, die &#8222;einfach auch Understatement dokumentiert&#8220; erz\u00e4hlt; welche Drogen nehmen die?<br \/>\nMan muss dazu wissen, dass in Bremen eigentlich niemand sorecht weiss, was nun eigentlich hanseatisch sein soll, aber alle glauben dran und wenn einem nix mehr einf\u00e4llt, kommt als letztes der Verweis auf irgendwas mit &#8222;hanseatisch&#8220;. Ein herrliches Totschlag-Argument. &#8222;Die Fassade dem hellen Wesersandstein angelehnt&#8220;, s\u00e4uselt der Radio Bremen-Sprecher aus dem Off. Dieser omin\u00f6se &#8222;Wesersandstein&#8220; sieht \u00fcbrigens etwa so aus wie Beton, ergab die Schnellrecherche auf <a href=\"https:\/\/www.google.de\/search?q=Wesersandstein&amp;source=lnms&amp;tbm=isch&amp;sa=X&amp;ved=0ahUKEwjX2uT9k7zLAhWCOhoKHe3sAKcQ_AUICCgC&amp;biw=1249&amp;bih=589\" target=\"_blank\">Google<\/a>.<\/p>\n<p>Apropos ausserdem: Man muss wissen, das ich bekennender Neubau-Fan bin, also prinzipiell dem Neubau gegen\u00fcber aufgeschlossen. Andererseits muss man auch wissen, dass ich das bischen Intelligenz, mit dem mich die Natur ausgestattet hat oder, je nach Sichtweise, dass ich mir m\u00fchsam angeeignet habe, so oder so nur ungern beleidigen lasse.<\/p>\n<p>Jedenfalls: Als ob das Geplaudere der Stadtvertreter noch nicht genug w\u00e4re: Firmenvertreter Uwe Bielang grinst in die Kamera des TV-Regionaljournals &#8222;buten und binnen&#8220;: &#8222;sehr modern, schick und auch sehr funktional, was dann passieren wird&#8220; und er zeigt sich mit der L\u00f6sung &#8222;sehr, sehr zufrieden&#8220;. \u00dcbersetzt von Firmensprech in Normaldeutsch: Wir haben mehr durchgesetzt, als wir uns erhofft hatten.<\/p>\n<p>Der Neubau hat 11 Geschosse, 5m h\u00f6her als bisher, bekommt Konferenzr\u00e4ume und eine &#8222;nicht \u00f6ffentlich zug\u00e4ngliche Dachterrasse&#8220;, 26 Mio EUR Investition von K+N. Kurze Info: Reingewinn K+N 2015: 676 Mio CHF, satte 600 Mio EUR.<\/p>\n<p>Auch der Neubau soll den Namen &#8222;Alfred-K\u00fchne-Haus&#8220; tragen.<\/p>\n<p>1969 verlegte K\u00fchne + Nagel den Firmensitz wegen der g\u00fcnstigeren Steuern und Abgaben in die Schweiz. Klaus-Michael K\u00fchne war damals 32 Jahre jung, f\u00fchrte die Spedition aber bereits seit sechs Jahren.<\/p>\n<p>Noch heute residiert der Konzern in <span class=\"_Xbe kno-fv\"><a class=\"fl\" href=\"https:\/\/www.google.ch\/search?q=Feusisberg+Schweiz&amp;stick=H4sIAAAAAAAAAOPgE-LUz9U3SC42qspSAjPTyk3TS7S0spOt9POL0hPzMqsSSzLz81A4VhmpiSmFpYlFJalFxQCHcIdgRAAAAA&amp;sa=X&amp;ved=0ahUKEwj6uKWQ0KHLAhWHD3IKHVxyBtcQmxMIkQEoATAS\" data-ved=\"0ahUKEwj6uKWQ0KHLAhWHD3IKHVxyBtcQmxMIkQEoATAS\">Feusisberg<\/a><\/span>\/Schindellegi und das Gesch\u00e4ft wirft immer noch ordentlich Geld ab. Allein 2015 kassierte die Familienstiftung von Klaus-Michael K\u00fchne\/79 eine Dividende von 268 Mio CHF und geh\u00f6rt damit zu den <a href=\"http:\/\/www.blick.ch\/news\/wirtschaft\/40-milliarden-franken-so-viel-kassieren-die-aktionaere-der-top-25-firmen-dividende-ohne-ende-id4704223.html\" target=\"_blank\">Dividendenk\u00f6nigen<\/a> der Schweiz. Sein Verm\u00f6gen liegt gem\u00e4ss Forbes bei 11,2 Mrd USD.<\/p>\n<p>In der Schweiz fand er sein wahres Gl\u00fcck, zumindest wenn man den Slogan der von ihm und seinen Eltern dort 1976 gegr\u00fcndeten <a href=\"http:\/\/www.kuehne-stiftung.org\/index.php?id=1275\" target=\"_blank\" class=\"broken_link\">Stiftung<\/a> liest: &#8222;Das wahre Gl\u00fcck ist Gutes zu tun.&#8220;<\/p>\n<p>Den Grundstein f\u00fcr den Logistikkonzern legte Klaus-Michaels Grossvater August K\u00fchne am 1. Juli 1890 mit seinem damaligen Kompagnon Friedrich Nagel in Bremen. Erstes Transportmittel der Bremer\u00a0Spedition war ein gemieteter Einsp\u00e4nner. Es lief rund, die Spedition expandiert, ist erfolgreich in den norddeutschen H\u00e4fen. Als Kompagnon Nagel 1907 stirbt, wird August K\u00fchne Alleininhaber.<\/p>\n<p>1928 \u00fcbernimmt Augusts Sohn Alfred K\u00fchne das Steuer und treibt die Expansion weiter voran. K\u00fchnes Teilhaber <a href=\"https:\/\/de.wikipedia.org\/wiki\/Adolf_Maass\" target=\"_blank\">Adolf Maass<\/a> baute die Hamburger Niederlassung auf und hielt daran bis 1933 einen Anteil von 45%. Er wurde wie alle anderen Juden bei K\u00fchne &amp; Nagel w\u00e4hrend der Nazizeit aus der Firma gedr\u00e4ngt. <a href=\"http:\/\/www.taz.de\/!5021323\/\" target=\"_blank\">Die genauen Umst\u00e4nde sind bis heute nicht gekl\u00e4rt<\/a>, Maass verliess den Konzern ohne Abfindung. K\u00fchne trat in die NSDAP ein und avancierte zum &#8222;nationalsozialistischen Musterbetrieb&#8220;. Er transportierte gepl\u00fcndertes j\u00fcdisches Eigentum aus besetzten L\u00e4ndern heim ins Reich. Die Nazis liessen bis August 1944 \u00fcber 1 Mio Kubikmeter M\u00f6bel aus 65&#8217;500 Wohnungen nach Deutschland transportieren. M\u00f6bel die vorher in den Wohnungen von Juden in den Niederlanden, Belgien, Frankreich und Luxemburg standen. Sie wurden enteignet. K&amp;N war Hauptspediteur der Nazis. Adolf Maass wird 1944 in Auschwitz ermordet.<\/p>\n<p>Aufgearbeitet hat der Konzern seine <a href=\"http:\/\/www.bilanz.ch\/unternehmen\/kuehne-nagel-von-der-vergangenheit-eingeholt-416434\" target=\"_blank\">Nazivergangenheit nie wirklich<\/a>. Mal hiess es, das Firmenarchiv sei 1944 verbrannt, mal wurde die Festschrift zum 125. Jubil\u00e4um in so einer Mini-Auflage gedruckt, so dass sie nie breit &#8222;gew\u00fcrdigt&#8220; werden konnte.<\/p>\n<p>M\u00fcsste K\u00fchne + Nagel seine Br\u00f6tchen beim breiten Publikum verdienen , wie z.B. Ikea oder McDonalds, h\u00e4tte die Teppichetage schon lange einen Historikerausschuss eingesetzt, der die Firmengeschichte ausleuchtet und eine f\u00fcr die Gesellschaft passable Version aufgestellt h\u00e4tte. K+N gesch\u00e4ftet aber nur mit anderen Gesch\u00e4ftsleuten, mit seinesgleichen. Und da gelten eigene Regeln.<\/p>\n<p>K\u00fchne &#8222;optimierte&#8220; nicht nur die Geldfl\u00fcsse in seinem Konzern dank dem steuerg\u00fcnstigen Kanton Schwyz, sondern &#8222;engagiert&#8220; sich auch in der Schweiz, wo er seine Macht <a href=\"https:\/\/www.google.ch\/url?sa=t&amp;rct=j&amp;q=&amp;esrc=s&amp;source=web&amp;cd=5&amp;ved=0ahUKEwjDka6KxqHLAhUBhiwKHV4fCDUQFggzMAQ&amp;url=http%3A%2F%2Fwww.tagesanzeiger.ch%2Fwirtschaft%2Funternehmen-und-konjunktur%2FWir-muessten-wohl-unseren-Hauptsitz-aus-der-Schweiz-abziehen%2Fstory%2F24554824&amp;usg=AFQjCNGefWR-_aggY1hNENO2lormMd6YyA&amp;cad=rja\" target=\"_blank\">ebenfalls wieder<\/a> f\u00fcr sich und seinesgleichen nutzt und als alter Mann immer noch <a href=\"https:\/\/www.google.ch\/search?q=K%C3%BChne+droht&amp;ie=utf-8&amp;oe=utf-8&amp;gws_rd=cr&amp;ei=Xp_WVvaaKKXhywOm1a6oCw\" target=\"_blank\">droht<\/a>, z.B. bei <a href=\"http:\/\/www.blick.ch\/news\/schweiz\/lohndeckel-kuehne-nagel-droht-mit-abwanderung-wegen-1-12-initiative-id2480508.html\" target=\"_blank\" class=\"broken_link\">Annahme der 1:12-Initiative zur Begrenzung der Managerl\u00f6hne<\/a> mit einem Wegzug seines Konzerns<a href=\"https:\/\/www.google.ch\/search?q=K%C3%BChne+droht&amp;ie=utf-8&amp;oe=utf-8&amp;gws_rd=cr&amp;ei=Xp_WVvaaKKXhywOm1a6oCw\" target=\"_blank\">. <\/a>K+N demonstrierte diese ganz eigene Sicht der Dinge auch in Bremen. wo K\u00fchne noch heute gerne seine Muskeln <a href=\"http:\/\/www.weser-kurier.de\/bremen\/bremen-politik-wirtschaft_artikel,-Spediteure-drohen-mit-Abwanderung-_arid,118989.html\" target=\"_blank\">spielen l\u00e4sst<\/a>, sei es im Streit um Gigaliner oder Neubauten von Firmensitzen mitten in der Altstadt, dem touristischen Zentrum der Stadt:<\/p>\n<p><a href=\"http:\/\/www.weser-kurier.de\/bremen\/bremen-politik-wirtschaft_artikel,-Einigung-ueber-Kuehne-Neubau-_arid,1288611.html\" target=\"_blank\">\u00a0<\/a><\/p>\n<blockquote><p>Es soll also am Zugang zur Altstadt gebaut werden, an einer st\u00e4dtebaulich sensiblen Stelle, die zur Pufferzone rund um die Unesco-Welterbest\u00e4tte Rathaus und Roland geh\u00f6rt. Entsprechend hoch war das Interesse von Baubeh\u00f6rde und Denkmalpflege, auf die Gestaltung des Geb\u00e4udekomplexes einzuwirken. Doch Firmenpatriarch Klaus-Michael K\u00fchne selbst stellte bei Vorgespr\u00e4chen im Rathaus klar, dass f\u00fcr ihn ein Architektenwettbewerb unter st\u00e4dtischer \u00c4gide nicht infrage komme. \u201e<a id=\"K\u00fchne\"><\/a>Er zog sich auf den Standpunkt zur\u00fcck, dass es f\u00fcr diese Forderung keine gesetzliche Grundlage gebe. Punkt, aus, fertig\u201c, erinnert sich ein Teilnehmer der Runden.<\/p><\/blockquote>\n<p>&nbsp;<\/p>\n<div id=\"attachment_1008\" style=\"width: 681px\" class=\"wp-caption aligncenter\"><img data-recalc-dims=\"1\" loading=\"lazy\" decoding=\"async\" aria-describedby=\"caption-attachment-1008\" data-attachment-id=\"1008\" data-permalink=\"https:\/\/nordis.ch\/?attachment_id=1008\" data-orig-file=\"https:\/\/i0.wp.com\/nordis.ch\/wp-content\/uploads\/KNBremen2.jpg?fit=671%2C640&amp;ssl=1\" data-orig-size=\"671,640\" data-comments-opened=\"0\" data-image-meta=\"{&quot;aperture&quot;:&quot;0&quot;,&quot;credit&quot;:&quot;Rainer Becker&quot;,&quot;camera&quot;:&quot;&quot;,&quot;caption&quot;:&quot;&quot;,&quot;created_timestamp&quot;:&quot;1456913991&quot;,&quot;copyright&quot;:&quot;&quot;,&quot;focal_length&quot;:&quot;0&quot;,&quot;iso&quot;:&quot;0&quot;,&quot;shutter_speed&quot;:&quot;0&quot;,&quot;title&quot;:&quot;&quot;,&quot;orientation&quot;:&quot;0&quot;}\" data-image-title=\"K+NBremen2\" data-image-description=\"\" data-image-caption=\"&lt;p&gt;Google Street Maps&lt;\/p&gt;\n\" data-medium-file=\"https:\/\/i0.wp.com\/nordis.ch\/wp-content\/uploads\/KNBremen2.jpg?fit=300%2C286&amp;ssl=1\" data-large-file=\"https:\/\/i0.wp.com\/nordis.ch\/wp-content\/uploads\/KNBremen2.jpg?fit=671%2C640&amp;ssl=1\" class=\"size-full wp-image-1008\" src=\"https:\/\/i0.wp.com\/nordis.ch\/wp-content\/uploads\/KNBremen2.jpg?resize=671%2C640\" alt=\"Google Street Maps\" width=\"671\" height=\"640\" srcset=\"https:\/\/i0.wp.com\/nordis.ch\/wp-content\/uploads\/KNBremen2.jpg?w=671&amp;ssl=1 671w, https:\/\/i0.wp.com\/nordis.ch\/wp-content\/uploads\/KNBremen2.jpg?resize=300%2C286&amp;ssl=1 300w\" sizes=\"auto, (max-width: 671px) 100vw, 671px\" \/><p id=\"caption-attachment-1008\" class=\"wp-caption-text\">Google Street Maps<\/p><\/div>\n<p>Dass der Tourismus f\u00fcr die Stadt Bremen eine ausserordentliche wirtschaftliche Bedeutung hat und ein positives Image der Stadt in die Welt tr\u00e4gt, interessiert diese Entscheider herzlich wenig. Das Bild von der \u00d6ffentlichkeit Bremens, das K\u00fchne + Nagel dagegen in die Welt hinaustr\u00e4gt, ist das eines in Bremen zwar verwurzelten Konzerns, der aber die Schw\u00e4chen der Gesellschaft\u00a0 knallhart ausnutzt. Einmal mehr stellt sich die Frage, wie man mit dieser Parallelgesellschaft umgeht, <a href=\"http:\/\/nordis.ch\/?p=657\" target=\"_blank\">die sich schon lange von der \u00d6ffentlichkeit abgekoppelt hat<\/a> und nur ihren eigenen Regeln und Gesetzen folgt. Patrons mit prall gef\u00fcllten Geldspeichern foutieren sich schnell mal um die Belange der anderen. Wer zahlt, befiehlt. Und wer keine rechte Lobby hat, wie offenbar die Touristiker, der zieht halt den K\u00fcrzeren.<br \/>\nWie war nochmal der Claim der K\u00fchne-<a href=\"http:\/\/www.kuehne-stiftung.org\/index.php?id=1275\" target=\"_blank\" class=\"broken_link\">Stiftung<\/a>?<\/p>\n<blockquote><p>&#8222;Das wahre Gl\u00fcck ist Gutes zu tun.&#8220;<\/p><\/blockquote>\n<blockquote class=\"twitter-tweet\" data-partner=\"tweetdeck\">\n<p dir=\"ltr\" lang=\"de\">Der Umsatz von K\u00fchne+Nagel\/SZ Logistik sank 2015 um 4,4% auf 16,73 Mrd CHF.<br \/>\nBruttogewinn 6,25 Mrd CHF -0,6%<br \/>\nReingewinn 676 Mio CHF +6,8%<\/p>\n<p>\u2014 468 (@468) <a href=\"https:\/\/twitter.com\/468\/status\/704936821973716992\">March 2, 2016<\/a><\/p><\/blockquote>\n<p><script src=\"\/\/platform.twitter.com\/widgets.js\" async=\"\" charset=\"utf-8\"><\/script><\/p>\n","protected":false},"excerpt":{"rendered":"<p>Dieses Geb\u00e4ude vom Logistikkonzern K\u00fchne + Nagel in zentraler Lage in Bremens City weicht demn\u00e4chst einem &#8222;repr\u00e4sentativen&#8220; Neubau, will heissen, alles wird deutlich gr\u00f6sser. Die Stadt hat dem milliardenschweren Schweizer Konzern f\u00fcr den Neubau auch gleich noch das Gel\u00e4nde von 971 qm bis hin zur Br\u00fccke, im Bild quasi der Vorhof, f\u00fcr knapp 1 Mio [&#8230;]<\/p>\n","protected":false},"author":1,"featured_media":0,"comment_status":"closed","ping_status":"open","sticky":false,"template":"","format":"standard","meta":{"ngg_post_thumbnail":0,"_jetpack_memberships_contains_paid_content":false,"footnotes":"","jetpack_publicize_message":"","jetpack_publicize_feature_enabled":true,"jetpack_social_post_already_shared":false,"jetpack_social_options":{"image_generator_settings":{"template":"highway","default_image_id":0,"font":"","enabled":false},"version":2}},"categories":[16,24,22,11,33,21,3,7,12],"tags":[],"class_list":["post-941","post","type-post","status-publish","format-standard","hentry","category-abendland","category-angstbange","category-bildung","category-bremen","category-geschichte","category-historie","category-im-norden","category-leben-und-arbeiten","category-wirtschaft"],"jetpack_publicize_connections":[],"jetpack_featured_media_url":"","jetpack_sharing_enabled":true,"jetpack_shortlink":"https:\/\/wp.me\/p7kVSe-fb","jetpack-related-posts":[],"_links":{"self":[{"href":"https:\/\/nordis.ch\/index.php?rest_route=\/wp\/v2\/posts\/941","targetHints":{"allow":["GET"]}}],"collection":[{"href":"https:\/\/nordis.ch\/index.php?rest_route=\/wp\/v2\/posts"}],"about":[{"href":"https:\/\/nordis.ch\/index.php?rest_route=\/wp\/v2\/types\/post"}],"author":[{"embeddable":true,"href":"https:\/\/nordis.ch\/index.php?rest_route=\/wp\/v2\/users\/1"}],"replies":[{"embeddable":true,"href":"https:\/\/nordis.ch\/index.php?rest_route=%2Fwp%2Fv2%2Fcomments&post=941"}],"version-history":[{"count":31,"href":"https:\/\/nordis.ch\/index.php?rest_route=\/wp\/v2\/posts\/941\/revisions"}],"predecessor-version":[{"id":1042,"href":"https:\/\/nordis.ch\/index.php?rest_route=\/wp\/v2\/posts\/941\/revisions\/1042"}],"wp:attachment":[{"href":"https:\/\/nordis.ch\/index.php?rest_route=%2Fwp%2Fv2%2Fmedia&parent=941"}],"wp:term":[{"taxonomy":"category","embeddable":true,"href":"https:\/\/nordis.ch\/index.php?rest_route=%2Fwp%2Fv2%2Fcategories&post=941"},{"taxonomy":"post_tag","embeddable":true,"href":"https:\/\/nordis.ch\/index.php?rest_route=%2Fwp%2Fv2%2Ftags&post=941"}],"curies":[{"name":"wp","href":"https:\/\/api.w.org\/{rel}","templated":true}]}}